{"id":3240,"date":"2025-11-06T16:59:14","date_gmt":"2025-11-06T15:59:14","guid":{"rendered":"https:\/\/www.sensyma.com\/?p=3240"},"modified":"2025-11-06T16:59:15","modified_gmt":"2025-11-06T15:59:15","slug":"nos-cultures-fondent-notre-identite-2","status":"publish","type":"post","link":"https:\/\/www.sensyma.com\/?p=3240","title":{"rendered":"Nos cultures fondent notre identit\u00e9"},"content":{"rendered":"\n<figure class=\"wp-block-image size-large\"><img loading=\"lazy\" decoding=\"async\" width=\"1024\" height=\"576\" src=\"https:\/\/www.sensyma.com\/wp-content\/uploads\/2025\/11\/Diapositive1-1024x576.jpg\" alt=\"\" class=\"wp-image-3241\" srcset=\"https:\/\/www.sensyma.com\/wp-content\/uploads\/2025\/11\/Diapositive1-1024x576.jpg 1024w, https:\/\/www.sensyma.com\/wp-content\/uploads\/2025\/11\/Diapositive1-300x169.jpg 300w, https:\/\/www.sensyma.com\/wp-content\/uploads\/2025\/11\/Diapositive1-768x432.jpg 768w, https:\/\/www.sensyma.com\/wp-content\/uploads\/2025\/11\/Diapositive1-1080x608.jpg 1080w, https:\/\/www.sensyma.com\/wp-content\/uploads\/2025\/11\/Diapositive1.jpg 1280w\" sizes=\"auto, (max-width: 1024px) 100vw, 1024px\" \/><\/figure>\n\n\n\n<p>Nous vivons notre \u00ab&nbsp;ici et maintenant&nbsp;\u00bb sur une parcelle de notre \u00ab&nbsp;Terre-m\u00e8re&nbsp;\u00bb. Notre Histoire Ancestrale peut nous relier \u00e0 des terres, voisines ou lointaines&nbsp;; nous lier \u00e0 une culture qui, souvent, a travers\u00e9 les terres et les mers, avec nos anc\u00eatres.<\/p>\n\n\n\n<p>Si nous sommes h\u00e9ritiers d\u2019histoires, faites de \u00ab&nbsp;racines&nbsp;\u00bb tranch\u00e9es, d\u00e9crypter notre saga familiale est comme plonger dans nos racines \u00e0 la rencontre de notre identit\u00e9. Une aventure qui peut nous d\u00e9sorienter, nous perturber, dans notre besoin d\u2019ancrage et d\u2019appartenance.<\/p>\n\n\n\n<p>Les \u00e9l\u00e9ments qui caract\u00e9risent notre culture d\u2019origine se transmettent de g\u00e9n\u00e9ration en g\u00e9n\u00e9ration&nbsp;; des anc\u00eatres \u00e0 leurs descendants. Nous les portons en nous, dans nos cellules corporelles, \u00e0 travers, notre code g\u00e9n\u00e9tique, nos caract\u00e8res physiques et notre fa\u00e7on de vivre.<\/p>\n\n\n\n<p>Remonter le temps, sur plusieurs g\u00e9n\u00e9rations, nous donne les cl\u00e9s de compr\u00e9hension de ce qui fonde notre identit\u00e9&nbsp;: notre culture et notre histoire.<\/p>\n\n\n\n<p>Le lien \u00ab&nbsp;culture \u2013 histoire&nbsp;\u00bb prend des formes vari\u00e9es&nbsp;:<\/p>\n\n\n\n<ul class=\"wp-block-list\">\n<li>Une histoire \u00ab\u00a0uni culturelle\u00a0\u00bb, ancienne, transmise de g\u00e9n\u00e9ration en g\u00e9n\u00e9ration,<\/li>\n\n\n\n<li>Une histoire \u00ab\u00a0uni culturelle\u00a0\u00bb, v\u00e9cue loin de la terre natale\u00a0; avec la possibilit\u00e9 ou non, d\u2019une transmission libre, parcellaire ou contrari\u00e9e,<\/li>\n\n\n\n<li>Une histoire, devenue multiculturelle, au fil des g\u00e9n\u00e9rations, au gr\u00e9 des unions et des migrations\u00a0; une histoire source d\u2019un m\u00e9tissage, dans lequel les h\u00e9ritiers ont du mal \u00e0 se (re)conna\u00eetre\u00a0;\u00a0<\/li>\n\n\n\n<li>Une histoire d\u2019acculturation qui, enfin d\u00e9voil\u00e9e, donne tout son sens \u00e0 un ressenti d\u2019errance int\u00e9rieure.\u00a0<\/li>\n<\/ul>\n\n\n\n<p>Il arrive que des \u00e9v\u00e9nements douloureux bouleversent notre Histoire g\u00e9n\u00e9alogique&nbsp;: guerre, esclavage, g\u00e9nocide, d\u00e9portation, exil, colonisation, migration\u2026Revivre ces \u00e9v\u00e9nements, dans le contexte politique historique et socio-\u00e9conomique de l\u2019\u00e9poque, permet de mieux appr\u00e9hender les motivations qui ont conduit nos anc\u00eatres \u00e0 certains choix tels que le reniement, l\u2019acculturation ou l\u2019assimilation.<\/p>\n\n\n\n<p>Pour beaucoup de nos anc\u00eatres, le choix de renier sa culture et de ne pas la transmettre, a \u00e9t\u00e9 source de souffrances&nbsp;: trahison, culpabilit\u00e9, d\u00e9loyaut\u00e9, d\u00e9racinement, perte de l\u2019identit\u00e9, voire perte du go\u00fbt \u00e0 la vie. Des souffrances non verbalis\u00e9es, que les descendants ressentent comme un manque, un vide int\u00e9rieur, une difficult\u00e9 \u00e0 trouver sa place ou la sensation de ne pas \u00eatre \u00e0 sa place.<\/p>\n\n\n\n<p>S\u2019aventurer dans l\u2019histoire \u00ab&nbsp;secr\u00e8te&nbsp;\u00bb et \u00ab&nbsp;tabou&nbsp;\u00bb de ses anc\u00eatres, est l\u2019une des cl\u00e9s de compr\u00e9hension de nos conflits int\u00e9rieurs, de nos attirances refrein\u00e9es ou de nos d\u00e9sordres \u00e9motionnels. Car si nous sommes amput\u00e9s des liens physiques et mat\u00e9riels (terre natale, culture d\u2019origine)&nbsp;; nous conservons les liens \u00e9nerg\u00e9tiques (pr\u00e9dispositions, penchants, engagements,\u2026)<\/p>\n\n\n\n<p>Nous sommes souvent le fruit d\u2019une histoire mouvement\u00e9e qui cherche sa stabilit\u00e9, comme un arbre qui aurait perdu le lien \u00e9nerg\u00e9tique avec ses racines&nbsp;; comme une Famille o\u00f9 personne ne trouve sa place.<\/p>\n\n\n\n<p>Revisiter notre histoire familiale, c\u2019est reconstituer la chaine des transmissions\u00a0culturelles. Nous devons comprendre en quoi, ce qui fait aujourd\u2019hui notre identit\u00e9, est le r\u00e9sultat de transmissions respect\u00e9es, d\u00e9natur\u00e9es ou \u00e9volu\u00e9es. Et c\u2019est parce que nous sommes h\u00e9ritiers d\u2019histoires, mais aussi artisans de notre propre histoire, que nous nous devons d\u2019explorer le pass\u00e9 pour asseoir le pr\u00e9sent et d\u00e9cider du futur.<\/p>\n\n\n\n<p><strong><em>Notre culture affirme notre appartenance<\/em><\/strong><\/p>\n\n\n\n<p>Nous sommes, tous, enfants d\u2019une culture construite autour d\u2019\u00e9l\u00e9ments destin\u00e9s \u00e0 structurer les rapports familiaux, sociaux&nbsp;et \u00e9conomiques. Toute culture est faite de codes et de r\u00e8gles. Toute culture transmet des valeurs, contenues dans ses traditions et ses coutumes&nbsp;; transmises dans ses contes et l\u00e9gendes&nbsp;; exprim\u00e9es dans ses tenues vestimentaires, sa cuisine, ses danses et ses musiques.<\/p>\n\n\n\n<p>Fruit d\u2019une ou de plusieurs cultures, ce que nous sommes aujourd\u2019hui est le contenu et l\u2019expression de tout ce dont nous avons h\u00e9rit\u00e9 du pass\u00e9.<\/p>\n\n\n\n<p>Quel que soit notre lieu de vie, notre appartenance culturelle nous caract\u00e9rise et nous ancre. Elle constitue notre patrimoine, elle contient notre richesse, elle indique notre diff\u00e9rence&nbsp; et d\u00e9termine notre singularit\u00e9.<\/p>\n\n\n\n<p>Notre culture est l\u2019arbre dont les racines s\u2019\u00e9talent et s\u2019enfoncent pour nous ancrer dans l\u2019espace et le temps.<\/p>\n\n\n\n<p>Nous, enfants de cette culture et branches de l\u2019arbre, devons conscientiser son impact dans la construction de notre identit\u00e9. \u00a0Il est important d\u2019int\u00e9grer mentalement et affectivement l\u2019appartenance \u00e0 sa culture. Un processus qui permet de se conna\u00eetre, pour se reconna\u00eetre dans son environnement. Une acceptation qui \u00e9claire certaines de nos difficult\u00e9s \u00e0 nous \u00e9panouir, \u00e0 trouver notre \u00e9quilibre et \u00e0 \u00e9tablir des relations.<\/p>\n\n\n\n<p><strong><em>Une culture se pr\u00e9serve, se transmet, \u00e9volue<\/em><\/strong><\/p>\n\n\n\n<p>Une culture se transmet. Sans transmission, la culture s\u2019appauvrit, le cadre s\u2019effrite, les rep\u00e8res disparaissent. C\u2019est le d\u00e9sordre mental, l\u2019errance affective.<\/p>\n\n\n\n<p>Une culture se doit d\u2019\u00eatre pr\u00e9serv\u00e9e et il en va de notre responsabilit\u00e9 de la faire vivre. Chaque culture ancre ses \u00ab&nbsp;enfants&nbsp;\u00bb dans l\u2019espace et le temps.<\/p>\n\n\n\n<p>Ce processus s\u2019inscrit dans un cycle&nbsp;:<\/p>\n\n\n\n<ul class=\"wp-block-list\">\n<li>L\u2019enfant se construit\u00a0; il apprend les \u00e9l\u00e9ments qui vont l\u2019ancrer dans sa culture et asseoir sa confiance\u00a0;<\/li>\n\n\n\n<li>L\u2019adolescent construit son syst\u00e8me de valeurs, il va donc adh\u00e9rer, remettre en question, au mieux amorcer une proposition d\u2019\u00e9volution des valeurs transmises\u00a0;<\/li>\n\n\n\n<li>L\u2019adulte agit et r\u00e9alise\u00a0; son appartenance culturelle influe sur ses actions et ses choix de vie\u00a0;<\/li>\n\n\n\n<li>Les \u00ab\u00a0anciens\u00a0\u00bb ont la sagesse de l\u2019exp\u00e9rience\u00a0; ils transmettent \u00ab\u00a0la culture\u00a0\u00bb \u00e0 l\u2019identique et dans son \u00e9volution. Ils diffusent la s\u00e8ve ancestrale des racines aux jeunes branches\u00a0; ainsi circule \u00ab\u00a0l\u2019Histoire\u00a0\u00bb des anc\u00eatres aux enfants.<\/li>\n<\/ul>\n\n\n\n<p>S\u2019il est de notre devoir d\u2019honorer ce qui nous a \u00e9t\u00e9 transmis&nbsp;; il nous appartient, aussi, de faire \u00e9voluer, ce qui doit l\u2019\u00eatre de nos codes, de nos principes et de nos de pratiques. Evoluer n\u2019est pas abandonner sa culture ou se laisser imposer une autre culture. Evoluer c\u2019est conserver son identit\u00e9 culturelle en faisant \u00e9voluer les pratiques vers une adaptation plus harmonieuse et plus adapt\u00e9e \u00e0 l\u2019\u00e9volution du contexte<\/p>\n\n\n\n<p>Nous portons en nous tous nos anc\u00eatres. Nous sommes la continuit\u00e9 de leur histoire, de leurs combats et de leurs engagements. Nous sommes aussi une cr\u00e9ation qui puise son \u00e9nergie dans sa capacit\u00e9 \u00e0 utiliser la force ancestrale tout en s\u2019adaptant au changement de son environnement. <\/p>\n\n\n\n<p><strong><em>Notre culture nous distingue et nous unit aux autres<\/em><\/strong><\/p>\n\n\n\n<p>Notre monde est riche d\u2019une diversit\u00e9 de cultures. Si chaque culture exprime sa sp\u00e9cificit\u00e9, les valeurs universelles de paix, de tol\u00e9rance, de bienveillance, de respect de soi, de respect de l\u2019autre, et surtout d\u2019AMOUR sont pr\u00f4n\u00e9es par toutes les cultures.<\/p>\n\n\n\n<p>Notre appartenance culturelle nous identifie. Notre identit\u00e9 est inscrite dans nos g\u00e8nes et nos cellules. Elle est \u00ab&nbsp;\u00e9nergie&nbsp;\u00bb.&nbsp;Ne restons pas prisonniers de la seule \u00ab&nbsp;\u00e9nergie destructrice&nbsp;\u00bb, n\u00e9e d\u2019\u00e9v\u00e9nements pass\u00e9s, gorg\u00e9e de souffrance, de col\u00e8re et de ranc\u0153urs. Nous sommes aussi les h\u00e9ritiers de \u00ab&nbsp;l\u2019\u00e9nergie cr\u00e9atrice&nbsp;\u00bb de notre s\u00e8ve ancestrale. Emplie d\u2019enseignements, riche de valeurs et de traditions, elle circule dans nos racines&nbsp;; elle nourrit l\u2019arbre \u00ab&nbsp;poto-mitan&nbsp;\u00bb jusqu\u2019\u00e0 ses branches. &nbsp;Une s\u00e8ve ancestrale qui attend de ses plus jeunes branches qu\u2019elles s\u2019autorisent la libert\u00e9 d\u2019\u00caTRE&nbsp;; qu\u2019elles assurent un lien harmonieux et \u00e9quilibr\u00e9 \u00e0 leur environnement.<\/p>\n\n\n\n<p>Cette \u00e9nergie nous avons \u00e0 l\u2019accueillir&nbsp;; \u00e0 la reconna\u00eetre, \u00e0 la conscientiser dans chacune de nos pens\u00e9es, de nos paroles et de nos actes.&nbsp;<\/p>\n\n\n\n<p>Nous sommes la continuit\u00e9 d\u2019hommes et de femmes qui nous demandent de nous Reconna\u00eetre en nous (re)inscrivant dans nos cultures&nbsp;; en restaurant le lien avec nos lign\u00e9es&nbsp;; en r\u00e9g\u00e9n\u00e9rant les racines tranch\u00e9es&nbsp;; en \u00e9clairant le pass\u00e9 afin de nous en lib\u00e9rer et ainsi\u2026 nous autoriser \u00e0 \u00e9crire notre propre histoire.<\/p>\n\n\n\n<p><strong>Line LICAN<\/strong> &#8211; <strong>Sensyma<\/strong><\/p>\n\n\n\n<p><\/p>\n","protected":false},"excerpt":{"rendered":"<p>Nous vivons notre \u00ab&nbsp;ici et maintenant&nbsp;\u00bb sur une parcelle de notre \u00ab&nbsp;Terre-m\u00e8re&nbsp;\u00bb. Notre Histoire Ancestrale peut nous relier \u00e0 des [&hellip;]<\/p>\n","protected":false},"author":3,"featured_media":3241,"comment_status":"open","ping_status":"open","sticky":false,"template":"","format":"standard","meta":{"site-sidebar-layout":"default","site-content-layout":"","ast-site-content-layout":"default","site-content-style":"default","site-sidebar-style":"default","ast-global-header-display":"","ast-banner-title-visibility":"","ast-main-header-display":"","ast-hfb-above-header-display":"","ast-hfb-below-header-display":"","ast-hfb-mobile-header-display":"","site-post-title":"","ast-breadcrumbs-content":"","ast-featured-img":"","footer-sml-layout":"","ast-disable-related-posts":"","theme-transparent-header-meta":"","adv-header-id-meta":"","stick-header-meta":"","header-above-stick-meta":"","header-main-stick-meta":"","header-below-stick-meta":"","astra-migrate-meta-layouts":"default","ast-page-background-enabled":"default","ast-page-background-meta":{"desktop":{"background-color":"var(--ast-global-color-5)","background-image":"","background-repeat":"repeat","background-position":"center center","background-size":"auto","background-attachment":"scroll","background-type":"","background-media":"","overlay-type":"","overlay-color":"","overlay-opacity":"","overlay-gradient":""},"tablet":{"background-color":"","background-image":"","background-repeat":"repeat","background-position":"center center","background-size":"auto","background-attachment":"scroll","background-type":"","background-media":"","overlay-type":"","overlay-color":"","overlay-opacity":"","overlay-gradient":""},"mobile":{"background-color":"","background-image":"","background-repeat":"repeat","background-position":"center center","background-size":"auto","background-attachment":"scroll","background-type":"","background-media":"","overlay-type":"","overlay-color":"","overlay-opacity":"","overlay-gradient":""}},"ast-content-background-meta":{"desktop":{"background-color":"var(--ast-global-color-4)","background-image":"","background-repeat":"repeat","background-position":"center center","background-size":"auto","background-attachment":"scroll","background-type":"","background-media":"","overlay-type":"","overlay-color":"","overlay-opacity":"","overlay-gradient":""},"tablet":{"background-color":"var(--ast-global-color-4)","background-image":"","background-repeat":"repeat","background-position":"center center","background-size":"auto","background-attachment":"scroll","background-type":"","background-media":"","overlay-type":"","overlay-color":"","overlay-opacity":"","overlay-gradient":""},"mobile":{"background-color":"var(--ast-global-color-4)","background-image":"","background-repeat":"repeat","background-position":"center center","background-size":"auto","background-attachment":"scroll","background-type":"","background-media":"","overlay-type":"","overlay-color":"","overlay-opacity":"","overlay-gradient":""}},"footnotes":""},"categories":[14,7],"tags":[29,60,20,22,33,39],"class_list":["post-3240","post","type-post","status-publish","format-standard","has-post-thumbnail","hentry","category-psychogenealogie-et-transgenerationnel","category-publications","tag-amour","tag-culture","tag-enfant-parent-identite","tag-famille","tag-identite","tag-memoires"],"_links":{"self":[{"href":"https:\/\/www.sensyma.com\/index.php?rest_route=\/wp\/v2\/posts\/3240","targetHints":{"allow":["GET"]}}],"collection":[{"href":"https:\/\/www.sensyma.com\/index.php?rest_route=\/wp\/v2\/posts"}],"about":[{"href":"https:\/\/www.sensyma.com\/index.php?rest_route=\/wp\/v2\/types\/post"}],"author":[{"embeddable":true,"href":"https:\/\/www.sensyma.com\/index.php?rest_route=\/wp\/v2\/users\/3"}],"replies":[{"embeddable":true,"href":"https:\/\/www.sensyma.com\/index.php?rest_route=%2Fwp%2Fv2%2Fcomments&post=3240"}],"version-history":[{"count":1,"href":"https:\/\/www.sensyma.com\/index.php?rest_route=\/wp\/v2\/posts\/3240\/revisions"}],"predecessor-version":[{"id":3242,"href":"https:\/\/www.sensyma.com\/index.php?rest_route=\/wp\/v2\/posts\/3240\/revisions\/3242"}],"wp:featuredmedia":[{"embeddable":true,"href":"https:\/\/www.sensyma.com\/index.php?rest_route=\/wp\/v2\/media\/3241"}],"wp:attachment":[{"href":"https:\/\/www.sensyma.com\/index.php?rest_route=%2Fwp%2Fv2%2Fmedia&parent=3240"}],"wp:term":[{"taxonomy":"category","embeddable":true,"href":"https:\/\/www.sensyma.com\/index.php?rest_route=%2Fwp%2Fv2%2Fcategories&post=3240"},{"taxonomy":"post_tag","embeddable":true,"href":"https:\/\/www.sensyma.com\/index.php?rest_route=%2Fwp%2Fv2%2Ftags&post=3240"}],"curies":[{"name":"wp","href":"https:\/\/api.w.org\/{rel}","templated":true}]}}