{"id":3235,"date":"2025-10-31T10:31:41","date_gmt":"2025-10-31T09:31:41","guid":{"rendered":"https:\/\/www.sensyma.com\/?p=3235"},"modified":"2025-11-01T08:27:05","modified_gmt":"2025-11-01T07:27:05","slug":"le-bumidom-une-blessure-transgenerationnelle-a-eclairer-2","status":"publish","type":"post","link":"https:\/\/www.sensyma.com\/?p=3235","title":{"rendered":"Le \u00ab\u00a0bumidom\u00a0\u00bb, une blessure transg\u00e9n\u00e9rationnelle \u00e0 \u00e9clairer\u00a0!"},"content":{"rendered":"\n<figure class=\"wp-block-image size-large\"><img loading=\"lazy\" decoding=\"async\" width=\"1024\" height=\"576\" src=\"https:\/\/www.sensyma.com\/wp-content\/uploads\/2025\/10\/Diapositive1-4-1024x576.jpg\" alt=\"\" class=\"wp-image-3236\" srcset=\"https:\/\/www.sensyma.com\/wp-content\/uploads\/2025\/10\/Diapositive1-4-1024x576.jpg 1024w, https:\/\/www.sensyma.com\/wp-content\/uploads\/2025\/10\/Diapositive1-4-300x169.jpg 300w, https:\/\/www.sensyma.com\/wp-content\/uploads\/2025\/10\/Diapositive1-4-768x432.jpg 768w, https:\/\/www.sensyma.com\/wp-content\/uploads\/2025\/10\/Diapositive1-4-1080x608.jpg 1080w, https:\/\/www.sensyma.com\/wp-content\/uploads\/2025\/10\/Diapositive1-4.jpg 1280w\" sizes=\"auto, (max-width: 1024px) 100vw, 1024px\" \/><\/figure>\n\n\n\n<p>Nos parents et nos a\u00efeux qui ont v\u00e9cu le \u00ab&nbsp;bumidom&nbsp;\u00bb ont cru bien faire en nous taisant certaines facettes de cette \u00ab&nbsp;histoire&nbsp;\u00bb. Tout ne pouvait \u00eatre racont\u00e9 sans r\u00e9veiller ou aviver des blessures mal ou non cicatris\u00e9es.<\/p>\n\n\n\n<p>Nos parents et nos a\u00efeux ont choisi de se taire ou de travestir la r\u00e9alit\u00e9. Ils ignoraient que tout ce qui est tu,&nbsp;pour cause de \u00ab&nbsp;Non-Amour&nbsp;\u00bb, demande, un jour, \u00e0 \u00eatre r\u00e9v\u00e9l\u00e9 pour \u00eatre r\u00e9par\u00e9.<\/p>\n\n\n\n<p>Ils se sont tus mais nous ont l\u00e9gu\u00e9 leurs ressentis d\u2019humiliation, leurs sentiments d\u2019injustice, leurs col\u00e8res et leurs ranc\u0153urs refoul\u00e9es. La d\u00e9sillusion entach\u00e9e de honte et de culpabilit\u00e9 a fait du \u00ab&nbsp;bumidom&nbsp;\u00bb un sujet \u00ab&nbsp;tabou&nbsp;\u00bb.<\/p>\n\n\n\n<p>Nous, descendants-h\u00e9ritiers de ces souffrances pouvons r\u00e9habiliter nos parents, nos a\u00efeux, et nous affranchir des cons\u00e9quences douloureuses et limitantes de cette m\u00e9moire inter et transg\u00e9n\u00e9rationnelle.<\/p>\n\n\n\n<p>Nous pouvons absorber les Histoires Individuelles en une seule Histoire Collective. Une histoire \u00e0 d\u00e9crypter en l\u2019analysant dans le contexte politique, \u00e9conomique et social de l\u2019\u00e9poque. Revisiter et comprendre les enjeux de cette p\u00e9riode nous aideraient \u00e0 en accepter les effets&nbsp;; \u00e0 en apaiser les cons\u00e9quences \u00e9motionnelles.<\/p>\n\n\n\n<p>La mise en place du bumidom fut la r\u00e9ponse de l\u2019Etat \u00e0 la situation sociale et \u00e9conomique dans les DOM-TOM&nbsp;: familles nombreuses, pauvret\u00e9, ch\u00f4mage important, fermeture progressive des usines de fabrication du sucre de canne, revendications ind\u00e9pendantistes.<\/p>\n\n\n\n<p>La M\u00e9tropole, en pleine p\u00e9riode des 30 glorieuses, connaissait un besoin en main d\u2019\u0153uvre, de pr\u00e9f\u00e9rence fran\u00e7aise et chr\u00e9tienne.<\/p>\n\n\n\n<p>De 1963 \u00e0 1981, des fili\u00e8res de migration achemin\u00e8rent, des DOM vers la M\u00e9tropole, pr\u00e8s de 200M hommes et femmes ; \u00e2g\u00e9s de 18 \u00e0 25 ans&nbsp;; peu ou non qualifi\u00e9s&nbsp;; issus de familles nombreuses et vivant dans la pr\u00e9carit\u00e9. Le contrat stipulait un d\u00e9part en France contre une formation, un emploi dans la Fonction Publique et une aide au logement. L\u2019Eldorado pour une population jeune et sans perspective&nbsp;; \u00e0 laquelle on offrait un espoir de r\u00e9ussite professionnelle et d\u2019ascension sociale.<\/p>\n\n\n\n<p>Que savons-nous de cette histoire&nbsp;? Ce dont nous, enfants \u00e0 l\u2019\u00e9poque, nous souvenons&nbsp;; ce qui nous a \u00e9t\u00e9 racont\u00e9 par ceux qui sont rest\u00e9s ou ceux qui sont partis, une v\u00e9rit\u00e9 tortur\u00e9e par les non-dits.<\/p>\n\n\n\n<p>Nous savons que beaucoup sont partis sans garanti de retour, se coupant de leur famille en laissant parfois leurs enfants ; un voyage, en groupe, par avion ou par bateau, avec s\u00e9paration des hommes et des femmes \u00e0 l\u2019arriv\u00e9e&nbsp;; un enfermement dans des centres de formation, sans contact avec l\u2019ext\u00e9rieur. Ainsi furent form\u00e9s des ouvriers m\u00e9caniciens sp\u00e9cialis\u00e9s et environ 700 aide-m\u00e9nag\u00e8res, destin\u00e9es \u00e0 travailler chez des notables ou des \u00ab&nbsp;politiques&nbsp;\u00bb, devant lesquels elles d\u00e9filaient pour \u00eatre choisies. Les embauches comme fonctionnaires se faisaient sur les postes les moins qualifi\u00e9s&nbsp;: fille de salle ou brancardier dans les h\u00f4pitaux&nbsp;; pointeur (se) \u00e0 la RATP&nbsp;; pr\u00e9pos\u00e9 au tri ou facteur aux PetT. L\u2019aide au logement se r\u00e9suma en un h\u00e9bergement provisoire en dortoirs et \u00e9volua vers des attributions en HLM en banlieues.<\/p>\n\n\n\n<p>Si certains se sont adapt\u00e9s, se sont int\u00e9gr\u00e9s et ont pu afficher des signes ext\u00e9rieurs de prosp\u00e9rit\u00e9. Pour d\u2019autres ce fut la fin des r\u00eaves de r\u00e9ussite sociale et professionnelle et le d\u00e9but d\u2019une incapacit\u00e9 \u00e0 trouver sa place dans le pays \u00ab&nbsp;d\u2019accueil&nbsp;\u00bb, avec, \u00e0 chaque retour, le sentiment d\u2019avoir perdu sa place sur sa terre natale.<\/p>\n\n\n\n<p>Il nous est possible, gr\u00e2ce \u00e0 tous les documents disponibles, de porter un regard introspectif, d\u00e9nu\u00e9 de jugement de valeur sur la r\u00e9alit\u00e9 mat\u00e9rielle et \u00e9motionnelle de leur v\u00e9cu.<\/p>\n\n\n\n<p>Une approche qui nous permet de mieux comprendre ceux qui, toujours prisonniers de leurs sentiments de honte et de culpabilit\u00e9, ont d\u00e9cid\u00e9s \u00ab&nbsp;d\u2019oublier&nbsp;\u00bb ; ceux qui ont refoul\u00e9 leur col\u00e8re en se d\u00e9couvrant \u00ab&nbsp;objet&nbsp;\u00bb d\u2019une politique coloniale manipulatrice ; ceux qui, en butte au racisme et \u00e0 la discrimination, se sont d\u00e9couverts \u00ab&nbsp;non-fran\u00e7ais&nbsp;\u00bb ou \u00ab&nbsp;fran\u00e7ais enti\u00e8rement \u00e0 part&nbsp;\u00bb&nbsp;; trait\u00e9s comme beaucoup de \u00ab&nbsp;migrants \u00e9trangers&nbsp;\u00bb.<\/p>\n\n\n\n<p>Nous pouvons mieux comprendre leurs difficult\u00e9s \u00e0 \u00ab&nbsp;Dire&nbsp;\u00bb une r\u00e9alit\u00e9 non assum\u00e9e&nbsp;; reviviscence, dans nos m\u00e9moires cellulaires, de pratiques li\u00e9es \u00e0 l\u2019esclavage et \u00e0 la colonisation. Une activation de nos m\u00e9moires de non-reconnaissance comme \u00catres Humains&nbsp;; le r\u00e9veil de nos blessures d\u2019Injustice, d\u2019Humiliation et de Trahison.<\/p>\n\n\n\n<p class=\"has-medium-font-size\"><strong>Quelles cons\u00e9quences pour nous descendants-h\u00e9ritiers\u00a0?<\/strong><\/p>\n\n\n\n<p>Il nous incombe de poser factuellement l\u2019Histoire pour en \u00ab reconnaitre \u00bb la r\u00e9alit\u00e9 \u00e9motionnelle, quel qu\u2019en soit la forme ou le contenu. Nous pourrions ainsi \u00e9clairer les transmissions passionnelles et nous lib\u00e9rer des col\u00e8res et agressivit\u00e9s qui impactent nos comportements. Nous pourrions \u00e9clairer le Mal-\u00catre caus\u00e9 par&nbsp;:<\/p>\n\n\n\n<ul class=\"wp-block-list\">\n<li>Le sentiment de non-appartenance \u00e0 une communaut\u00e9 : en m\u00e9tropole, nos a\u00efeux se sont d\u00e9couverts \u00ab&nbsp;non-fran\u00e7ais&nbsp;\u00bb ; le retour au pays les a ramen\u00e9s aux probl\u00e8mes de la place perdue, non-rendue, difficile \u00e0 re-prendre, ou pire, non-reconnue. Leurs descendants sont confront\u00e9s aux sentiments de n\u2019\u00eatre (naitre) ni d\u2019ici, ni d\u2019ailleurs avec une impossibilit\u00e9 \u00e0 s\u2019inscrire dans l\u2019espace et le temps.<\/li>\n\n\n\n<li>La perte identitaire&nbsp;: s\u00e9quelle d\u2019une insuffisance ou d\u2019une rupture dans la chaine des transmissions, elle est l\u2019aboutissement d\u2019une acculturation qui nourrit une illusion d\u2019int\u00e9gration par assimilation. Insuffisamment \u00ab&nbsp;enracin\u00e9s&nbsp;\u00bb dans leurs Histoires ancestrales, insuffisamment nourris de leurs richesses culturelles, les descendants perdent la puissance de l\u2019Ancrage.<\/li>\n\n\n\n<li>Le d\u00e9racinement qui s\u2019exprime par une difficult\u00e9 r\u00e9currente \u00e0 trouver sa place, \u00e0 se sentir \u00e0 sa place&nbsp;; \u00e0 \u00eatre \u00e0 sa \u00ab&nbsp;juste&nbsp;\u00bb place.<\/li>\n<\/ul>\n\n\n\n<p class=\"has-medium-font-size\"><strong>Que faire&nbsp;? comment faire&nbsp;? Reconnaitre, R\u00e9parer, Soigner les blessures<\/strong><\/p>\n\n\n\n<ul class=\"wp-block-list\">\n<li>Reconnaitre aux exclus, aux oubli\u00e9s, aux rejet\u00e9s,&nbsp;leur droit \u00e0 l\u2019\u00ab&nbsp;Appartenance&nbsp;\u00bb en les r\u00e9inscrivant, \u00e0 leur place, dans leur fratrie, leurs familles, leurs lign\u00e9es&nbsp;;<\/li>\n\n\n\n<li>R\u00e9habiliter les \u00ab&nbsp;bannis&nbsp;\u00bb, ceux qui ont v\u00e9cu \u00ab&nbsp;la rue&nbsp;\u00bb, l\u2019esclavage moderne, la prostitution&nbsp;; ceux qui se sont suicid\u00e9s&nbsp;; ceux qui, coupables d\u2019activit\u00e9 peu glorieuse, humili\u00e9s en M\u00e9tropole, se sont trouv\u00e9s m\u00e9pris\u00e9s en revenant \u00ab&nbsp;au pays&nbsp;\u00bb ou \u2026. N\u2019ont jamais os\u00e9 revenir&nbsp;;<\/li>\n\n\n\n<li>R\u00e9habiliter les m\u00e8res en restaurant le lien \u00ab&nbsp;parent-enfant&nbsp;\u00bb dans l\u2019ordre g\u00e9n\u00e9rationnel&nbsp;: reconnaitre le r\u00f4le jou\u00e9 par les grand-m\u00e8res&nbsp;; redonner aux p\u00e8res-m\u00e8res, absent(e)s, \u00ab&nbsp;d\u00e9faillant(e)s&nbsp;\u00bb leur place et leur r\u00f4le, quel qu\u2019en soit le contenu. Ce contenu \u00e9tant \u00e0 d\u00e9crypter avec bienveillance pour soigner les blessures de rejet ou d\u2019abandon inscrites dans les m\u00e9moires cellulaires de leurs enfants&nbsp;;<\/li>\n\n\n\n<li>Couper les liens transg\u00e9n\u00e9rationnels douloureux qui impactent nos comportements.<\/li>\n<\/ul>\n\n\n\n<p class=\"has-medium-font-size\"><strong>Gu\u00e9rir et Transmuter les m\u00e9moires transg\u00e9n\u00e9rationnelles<\/strong><\/p>\n\n\n\n<ul class=\"wp-block-list\">\n<li>Apaiser les h\u00e9ritages \u00e9motionnels de chaque histoire individuelle en objectivant la M\u00e9moire Collective&nbsp;; en lib\u00e9rant le transg\u00e9n\u00e9rationnel&nbsp;des non-dits&nbsp;;<\/li>\n\n\n\n<li>Soigner les blessures en lib\u00e9rant la parole de ceux qui peuvent raconter l\u2019Histoire. Une parole accueillie sans jugement&nbsp;; une parole qui se d\u00e9charge de la honte, de la culpabilit\u00e9 et de la col\u00e8re&nbsp;; une parole humaine qui informe, qui instruit&nbsp;; qui appelle \u00e0 la compr\u00e9hension, \u00e0 la bienveillance, \u00e0 la compassion&nbsp;;<\/li>\n\n\n\n<li>Honorer les courages et ainsi, lib\u00e9r\u00e9 des \u00e9motions souffrantes, nous r\u00e9approprier notre int\u00e9grit\u00e9, notre unit\u00e9, notre dignit\u00e9.<\/li>\n<\/ul>\n\n\n\n<p class=\"has-medium-font-size\">Nous descendants-h\u00e9ritiers pouvons faire le choix de nous enrichir de la Force, du Courage et du retour d\u2019exp\u00e9riences de ceux qui ont accept\u00e9 l\u2019exil <strong>par Amour pour leur famille.<\/strong><\/p>\n\n\n\n<p><strong>Line LICAN \u2013 Sensyma<\/strong><\/p>\n\n\n\n<p>BUMIDOM&nbsp;: bureau pour le d\u00e9veloppement des migrations int\u00e9ressant les d\u00e9partements d\u2019outre-mer. D\u00e9but 1963 avec Michel Debr\u00e9 \u2013 Fin 1981 sous Fran\u00e7ois Mitterrand \u2013 pr\u00e9s de 200M ou 160M Domiens<\/p>\n\n\n\n<p><\/p>\n","protected":false},"excerpt":{"rendered":"<p>Nos parents et nos a\u00efeux qui ont v\u00e9cu le \u00ab&nbsp;bumidom&nbsp;\u00bb ont cru bien faire en nous taisant certaines facettes de [&hellip;]<\/p>\n","protected":false},"author":3,"featured_media":3236,"comment_status":"open","ping_status":"open","sticky":false,"template":"","format":"standard","meta":{"site-sidebar-layout":"default","site-content-layout":"","ast-site-content-layout":"default","site-content-style":"default","site-sidebar-style":"default","ast-global-header-display":"","ast-banner-title-visibility":"","ast-main-header-display":"","ast-hfb-above-header-display":"","ast-hfb-below-header-display":"","ast-hfb-mobile-header-display":"","site-post-title":"","ast-breadcrumbs-content":"","ast-featured-img":"","footer-sml-layout":"","ast-disable-related-posts":"","theme-transparent-header-meta":"","adv-header-id-meta":"","stick-header-meta":"","header-above-stick-meta":"","header-main-stick-meta":"","header-below-stick-meta":"","astra-migrate-meta-layouts":"default","ast-page-background-enabled":"default","ast-page-background-meta":{"desktop":{"background-color":"var(--ast-global-color-5)","background-image":"","background-repeat":"repeat","background-position":"center center","background-size":"auto","background-attachment":"scroll","background-type":"","background-media":"","overlay-type":"","overlay-color":"","overlay-opacity":"","overlay-gradient":""},"tablet":{"background-color":"","background-image":"","background-repeat":"repeat","background-position":"center center","background-size":"auto","background-attachment":"scroll","background-type":"","background-media":"","overlay-type":"","overlay-color":"","overlay-opacity":"","overlay-gradient":""},"mobile":{"background-color":"","background-image":"","background-repeat":"repeat","background-position":"center center","background-size":"auto","background-attachment":"scroll","background-type":"","background-media":"","overlay-type":"","overlay-color":"","overlay-opacity":"","overlay-gradient":""}},"ast-content-background-meta":{"desktop":{"background-color":"var(--ast-global-color-4)","background-image":"","background-repeat":"repeat","background-position":"center center","background-size":"auto","background-attachment":"scroll","background-type":"","background-media":"","overlay-type":"","overlay-color":"","overlay-opacity":"","overlay-gradient":""},"tablet":{"background-color":"var(--ast-global-color-4)","background-image":"","background-repeat":"repeat","background-position":"center center","background-size":"auto","background-attachment":"scroll","background-type":"","background-media":"","overlay-type":"","overlay-color":"","overlay-opacity":"","overlay-gradient":""},"mobile":{"background-color":"var(--ast-global-color-4)","background-image":"","background-repeat":"repeat","background-position":"center center","background-size":"auto","background-attachment":"scroll","background-type":"","background-media":"","overlay-type":"","overlay-color":"","overlay-opacity":"","overlay-gradient":""}},"footnotes":""},"categories":[14,7],"tags":[20,22,39,40],"class_list":["post-3235","post","type-post","status-publish","format-standard","has-post-thumbnail","hentry","category-psychogenealogie-et-transgenerationnel","category-publications","tag-enfant-parent-identite","tag-famille","tag-memoires","tag-transgenerationnel"],"_links":{"self":[{"href":"https:\/\/www.sensyma.com\/index.php?rest_route=\/wp\/v2\/posts\/3235","targetHints":{"allow":["GET"]}}],"collection":[{"href":"https:\/\/www.sensyma.com\/index.php?rest_route=\/wp\/v2\/posts"}],"about":[{"href":"https:\/\/www.sensyma.com\/index.php?rest_route=\/wp\/v2\/types\/post"}],"author":[{"embeddable":true,"href":"https:\/\/www.sensyma.com\/index.php?rest_route=\/wp\/v2\/users\/3"}],"replies":[{"embeddable":true,"href":"https:\/\/www.sensyma.com\/index.php?rest_route=%2Fwp%2Fv2%2Fcomments&post=3235"}],"version-history":[{"count":2,"href":"https:\/\/www.sensyma.com\/index.php?rest_route=\/wp\/v2\/posts\/3235\/revisions"}],"predecessor-version":[{"id":3239,"href":"https:\/\/www.sensyma.com\/index.php?rest_route=\/wp\/v2\/posts\/3235\/revisions\/3239"}],"wp:featuredmedia":[{"embeddable":true,"href":"https:\/\/www.sensyma.com\/index.php?rest_route=\/wp\/v2\/media\/3236"}],"wp:attachment":[{"href":"https:\/\/www.sensyma.com\/index.php?rest_route=%2Fwp%2Fv2%2Fmedia&parent=3235"}],"wp:term":[{"taxonomy":"category","embeddable":true,"href":"https:\/\/www.sensyma.com\/index.php?rest_route=%2Fwp%2Fv2%2Fcategories&post=3235"},{"taxonomy":"post_tag","embeddable":true,"href":"https:\/\/www.sensyma.com\/index.php?rest_route=%2Fwp%2Fv2%2Ftags&post=3235"}],"curies":[{"name":"wp","href":"https:\/\/api.w.org\/{rel}","templated":true}]}}