{"id":2974,"date":"2022-06-03T17:27:12","date_gmt":"2022-06-03T15:27:12","guid":{"rendered":"https:\/\/sensyma.com\/?p=2974"},"modified":"2022-06-03T18:26:48","modified_gmt":"2022-06-03T16:26:48","slug":"de-lenfant-a-ladulte-parent-de-lenfant-interieur-aux-parents-interieurs","status":"publish","type":"post","link":"https:\/\/www.sensyma.com\/?p=2974","title":{"rendered":"De l&rsquo;Enfant \u00e0 l&rsquo;Adulte-Parent  &#8211;                                De l&rsquo;Enfant Int\u00e9rieur aux Parents Int\u00e9rieurs"},"content":{"rendered":"\n<p><\/p>\n\n\n\n<figure class=\"wp-block-image size-medium is-style-rounded\"><img loading=\"lazy\" decoding=\"async\" width=\"300\" height=\"225\" src=\"https:\/\/www.sensyma.com\/wp-content\/uploads\/2022\/06\/child-2443969_1920-edited-300x225.jpg\" alt=\"\" class=\"wp-image-2978\" srcset=\"https:\/\/www.sensyma.com\/wp-content\/uploads\/2022\/06\/child-2443969_1920-edited-300x225.jpg 300w, https:\/\/www.sensyma.com\/wp-content\/uploads\/2022\/06\/child-2443969_1920-edited-1024x768.jpg 1024w, https:\/\/www.sensyma.com\/wp-content\/uploads\/2022\/06\/child-2443969_1920-edited-768x576.jpg 768w, https:\/\/www.sensyma.com\/wp-content\/uploads\/2022\/06\/child-2443969_1920-edited-1536x1152.jpg 1536w, https:\/\/www.sensyma.com\/wp-content\/uploads\/2022\/06\/child-2443969_1920-edited-510x382.jpg 510w, https:\/\/www.sensyma.com\/wp-content\/uploads\/2022\/06\/child-2443969_1920-edited-1080x810.jpg 1080w, https:\/\/www.sensyma.com\/wp-content\/uploads\/2022\/06\/child-2443969_1920-edited-1320x990.jpg 1320w, https:\/\/www.sensyma.com\/wp-content\/uploads\/2022\/06\/child-2443969_1920-edited.jpg 1700w\" sizes=\"auto, (max-width: 300px) 100vw, 300px\" \/><\/figure>\n\n\n\n<h2 class=\"wp-block-heading\"><strong>1 &#8211; L\u2019enfant, gar\u00e7on ou fille, se construit dans le moule parental<\/strong><\/h2>\n\n\n\n<p><a>L\u2019enfant nait, dot\u00e9 d\u2019un organe sexuel qui le cat\u00e9gorise en gar\u00e7on ou fille.<\/a><\/p>\n\n\n\n<p>La famille est son 1er lieu d\u2019identification et de socialisation&nbsp;; un lieu de repr\u00e9sentation du relationnel au monde et aux autres. L\u2019enfant grandit, comme ses parents, en int\u00e9grant les caract\u00e9ristiques \u00ab&nbsp;masculines&nbsp;\u00bb ou \u00ab&nbsp;f\u00e9minines&nbsp;\u00bb qui le diff\u00e9rencient de l\u2019autre sexe. Il assimile toutes les informations qui lui sont pr\u00e9sent\u00e9es&nbsp;: gestes, valeurs, pr\u00e9jug\u00e9s, sentiments, comportements, croyances, \u00e9motions, \u2026<\/p>\n\n\n\n<p>Il se voit par la relation \u00e0 ses parents. Il d\u00e9veloppe une plus ou moins grande estime de lui selon que son parent est, stimulant, rassurant, humiliant, d\u00e9valorisant ou maltraitant. Il est ce que ces parents disent, d\u00e9sirent, attendent de lui. Sa place lui est attribu\u00e9e, il s\u2019inscrit dans un r\u00f4le qui lui est affect\u00e9. Ce r\u00f4le est une co-production, une cocr\u00e9ation qui pr\u00e9serve l\u2019\u00e9quilibre et la coh\u00e9rence (l\u2019hom\u00e9ostasie) du syst\u00e8me familial.<\/p>\n\n\n\n<p>Son identit\u00e9 se construit par la qualit\u00e9 des relations et le contenu des transmissions de p\u00e8re-m\u00e8re \u00e0 fils-fille, de grand-p\u00e8re grand-m\u00e8re \u00e0 petit-fils petite-fille.<\/p>\n\n\n\n<p>Pour \u00ab&nbsp;appartenir&nbsp;\u00bb \u00e0 son clan, sa famille, son groupe et ainsi trouver SA place, l\u2019enfant devra apprendre \u00e0 se soumettre.<\/p>\n\n\n\n<p>Ainsi lui est apport\u00e9 la consid\u00e9ration, la reconnaissance, le droit \u00e0 l\u2019appartenance&nbsp;; sous des formes, source d\u2019\u00e9panouissement (enthousiasme, gout de la vie, \u00e9volution, ouverture) ou de traumatisme (sentiment de rejet, d\u2019abandon, d\u2019injustice, de trahison, d\u2019humiliation).<\/p>\n\n\n\n<p>L\u2019enfant est un symbole de l\u00e9g\u00e8ret\u00e9, d\u2019insouciance, de joie de vivre, de bien-\u00eatre et de libert\u00e9&nbsp;; il vit sans limites, sans pr\u00e9jug\u00e9s&nbsp;; il ne conna\u00eet ni tabou ni censure. Pour lui, seul compte le moment pr\u00e9sent. La vie est, pour lui, un vaste terrain de jeu, o\u00f9 tout s\u2019exp\u00e9rimente et se d\u00e9couvre, dans le non-jugement ; simplement pour apprendre.<\/p>\n\n\n\n<p>Mais l\u2019enfant est, aussi, un \u00eatre vuln\u00e9rable, facile \u00e0 blesser, \u00e0 effrayer. Peu ou mal prot\u00e9g\u00e9, il est vite d\u00e9muni et abus\u00e9. Mal trait\u00e9 ou mal aim\u00e9 il devient facile \u00e0 tromper, \u00e0 violenter. Il vit ses sentiments et ses \u00e9motions sans toujours trouver les mots. En chacun de nous peut se trouver un enfant bless\u00e9 qui souffre et a besoin de revenir \u00e0 sa nature profonde.<\/p>\n\n\n\n<p>La fa\u00e7on dont, enfant, nous vivons, ressentons, int\u00e9riorisons, les situations et notre relation aux autres, nous construit et fait de nous ce que nous devenons&nbsp;: notre identit\u00e9 s\u2019\u00e9panouit, ou se scl\u00e9rose&nbsp;; notre personnalit\u00e9 en est enrichie ou censur\u00e9e, exploit\u00e9e ou brid\u00e9e. Car pour l\u2019enfant, le monde est un grand th\u00e9\u00e2tre o\u00f9 se joue et s\u2019exp\u00e9rimente les diff\u00e9rentes facettes de la vie.<\/p>\n\n\n\n<figure class=\"wp-block-image size-medium is-resized is-style-rounded\"><img decoding=\"async\" src=\"https:\/\/www.sensyma.com\/wp-content\/uploads\/2022\/06\/ado-300x200.jpg\" alt=\"\" class=\"wp-image-2980\" height=\"225\" srcset=\"https:\/\/www.sensyma.com\/wp-content\/uploads\/2022\/06\/ado-300x200.jpg 300w, https:\/\/www.sensyma.com\/wp-content\/uploads\/2022\/06\/ado.jpg 460w\" sizes=\"(max-width: 300px) 100vw, 300px\" \/><\/figure>\n\n\n\n<h2 class=\"wp-block-heading\"><strong>2 &#8211; L\u2019adolescent amorce le processus de diff\u00e9renciation et d\u2019individuation<\/strong><\/h2>\n\n\n\n<p>L\u2019enfant est devenu un adolescent&nbsp;; il a int\u00e9rioris\u00e9, sans remise en question, toutes les informations transmises par son environnement&nbsp;: les histoires, les usages, les traditions, les principes, les actions, r\u00e9actions et comportements \u2026 Son besoin de reconnaissance et d\u2019appartenance a trouv\u00e9 r\u00e9ponse dans de l\u2019Amour, du non-amour, voire du mal-amour.<\/p>\n\n\n\n<p>Il b\u00e9n\u00e9ficie d\u2019une \u00ab&nbsp;base de donn\u00e9es&nbsp;\u00bb sens\u00e9e le pr\u00e9parer \u00e0 \u00ab&nbsp;affronter&nbsp;\u00bb la Vie, selon des programmations propres \u00e0 chaque syst\u00e8me familial, social et culturel.<\/p>\n\n\n\n<p>Maintenant, il va exp\u00e9rimenter (ou non) l\u2019opposition, le conflit, l\u2019interdit pour trouver ses limites et \u00e9prouver le bien-fond\u00e9 de l\u2019\u00e9ducation re\u00e7ue.<\/p>\n\n\n\n<p>Il d\u00e9couvre la rencontre amoureuse. Il explore une relation \u00e0 l\u2019autre qui est \u00e0 diff\u00e9rencier de celle exp\u00e9riment\u00e9e avec chaque parent, chaque fr\u00e8re et s\u0153ur.<\/p>\n\n\n\n<p>S\u2019opposer <a>(ou non) <\/a>\u00e0 l\u2019autorit\u00e9 parentale va l\u2019initier \u00e0 l\u2019exercice du \u00ab&nbsp;Libre Arbitre&nbsp;\u00bb, de la Libert\u00e9 de choix, de l\u2019Autonomie, de la Responsabilit\u00e9, de l\u2019Engagement.<\/p>\n\n\n\n<p>Se confronter (ou non) \u00e0 sa fratrie va l\u2019aider \u00e0 s\u2019affirmer, \u00e0 sa place et dans son r\u00f4le.<\/p>\n\n\n\n<p>Il pourra ressentir et appr\u00e9cier (ou non) la \u00ab&nbsp;Personne&nbsp;\u00bb derri\u00e8re le \u00ab&nbsp;personnage&nbsp;\u00bb. Il apprendra (ou non) \u00e0 reconnaitre ses diff\u00e9rences pour en faire des atouts ou des freins. Il consentira (ou non) \u00e0 se distinguer par sa singularit\u00e9. Il se niera ou alimentera son \u00ab&nbsp;Estime&nbsp;\u00bb en discernant sa \u00ab&nbsp;Valeur&nbsp;\u00bb.<\/p>\n\n\n\n<p>Ce processus lui permet d\u2019enrichir sa \u00ab&nbsp;base de donn\u00e9es&nbsp;\u00bb, de mieux accueillir et contr\u00f4ler ses \u00e9motions, de gagner en confiance.<\/p>\n\n\n\n<figure class=\"wp-block-image size-full is-resized is-style-rounded\"><img loading=\"lazy\" decoding=\"async\" src=\"https:\/\/www.sensyma.com\/wp-content\/uploads\/2022\/06\/etre-homme-femme-adulte.jpg\" alt=\"\" class=\"wp-image-2982\" width=\"300\" height=\"225\"\/><\/figure>\n\n\n\n<h2 class=\"wp-block-heading\"><strong>3 &#8211; \u00catre Homme \u2013 Femme, \u00catre Adulte<\/strong><\/h2>\n\n\n\n<p>L\u2019adulte que nous sommes aujourd\u2019hui est la continuit\u00e9 de l\u2019enfant, puis de l\u2019adolescent que nous \u00e9tions hier. Un enfant, h\u00e9ritier de m\u00e9moires transg\u00e9n\u00e9rationnelles, fa\u00e7onn\u00e9 par les transmissions et les acquis, de tout ce qu\u2019il aura \u00e9t\u00e9 amen\u00e9 \u00e0 vivre, de l\u2019enfance \u00e0 la fin de l\u2019adolescence.<\/p>\n\n\n\n<p>Conscientiser d\u2019\u00eatre Homme-Femme et Adulte s\u2019av\u00e8re un processus complexe qui demande, entre autres, de&nbsp;se lib\u00e9rer des arch\u00e9types, des id\u00e9es pr\u00e9con\u00e7ues et de s\u2019affranchir de son histoire familiale pour construire son propre syst\u00e8me de valeurs<\/p>\n\n\n\n<p>En devenant \u00ab&nbsp;adulte&nbsp;\u00bb, gar\u00e7on ou fille, se retrouve dot\u00e9s de caract\u00e9ristiques qui deviennent \u00ab&nbsp;masculines&nbsp;\u00bb ou \u00ab&nbsp;f\u00e9minines&nbsp;\u00bb selon&nbsp;l\u2019\u00e2ge, la maturit\u00e9, les \u00e9poques, les cultures, la structuration de la soci\u00e9t\u00e9, la situation \u00e9conomique, les r\u00e8gles de r\u00e9partition des fonctions et des r\u00f4les, les croyances, les injonctions familiales, communautaires, religieuses, \u2026<\/p>\n\n\n\n<p>La combinaison de 2 ou plusieurs \u00e9l\u00e9ments cr\u00e9e l\u2019arch\u00e9type. Mod\u00e8le de r\u00e9f\u00e9rence qui peine \u00e0 \u00e9voluer voire qui se cristallise malgr\u00e9 les changements de soci\u00e9t\u00e9. L\u2019arch\u00e9type prot\u00e8ge l\u2019\u00e9quilibre social. Il s\u2019entretient en \u00e9tant l\u2019id\u00e9al \u00e0 atteindre, le mod\u00e8le \u00e0 reproduire, l\u2019injonction \u00e0 respecter.<\/p>\n\n\n\n<p>L\u2019arch\u00e9type se transmet, de g\u00e9n\u00e9ration en g\u00e9n\u00e9ration, symbole de soumission et garantie de reconnaissance et d\u2019appartenance au groupe, au clan, \u00e0 la communaut\u00e9.<\/p>\n\n\n\n<p>Respecter l\u2019arch\u00e9type nous limite dans la connaissance que nous pourrions avoir de nous-m\u00eame. Nous exp\u00e9rimentons les facettes autoris\u00e9es par notre environnement ext\u00e9rieur, en nous fermant \u00e0 toutes les nuances contenues dans notre MOI int\u00e9rieur.<\/p>\n\n\n\n<p>Nous existons par une validation et une approbation qui nous vient de l\u2019ext\u00e9rieur. Nous sommes d\u00e9pendants du regard de l\u2019Autre, parce que d\u00e9connect\u00e9s de notre dimension int\u00e9rieure. Les enjeux des arch\u00e9types freinent le lien au Sacr\u00e9.<\/p>\n\n\n\n<p>L\u2019adolescent devenu adulte acquiert un stade de maturit\u00e9 sens\u00e9 le rendre autonome, responsable et apte \u00e0 faire ses propres choix de vie. L\u2019adulte peut se r\u00e9aliser, \u00e9crire sa propre histoire et s\u2019inscrire dans l\u2019espace et le temps. &nbsp;<\/p>\n\n\n\n<p>Ancr\u00e9, en conscience, dans son histoire familiale, culturelle et sociale, il assume l\u2019enti\u00e8re responsabilit\u00e9 de sa vie.<\/p>\n\n\n\n<p>Il revisite ses histoires, parentale et ancestrale. Il les \u00ab&nbsp;reconnait et les honore&nbsp;\u00bb avant de s\u2019approprier les valeurs fondamentales, les principes de vie, les codes relationnels, les traditions culturelles qu\u2019il estime \u00ab&nbsp;juste&nbsp;\u00bb pour lui.<\/p>\n\n\n\n<p>Il s\u2019\u00e9mancipe en triant dans ses h\u00e9ritages transg\u00e9n\u00e9rationnels. Avec tout ou partie de cet H\u00e9ritage, il s\u2019autorise, \u00e0 conserver pour perp\u00e9tuer, \u00e0 transformer en faisant \u00e9voluer, \u00e0 rejeter comme inappropri\u00e9 pour l\u2019\u00e9poque.Il se d\u00e9gage des conditionnements, s\u2019affranchit des loyaut\u00e9s. <strong>Il construit son propre syst\u00e8me de valeurs, <\/strong>m\u00e9lange de transmissions, de cr\u00e9ativit\u00e9 et d\u2019adaptabilit\u00e9.<\/p>\n\n\n\n<p>Modifier ou faire \u00e9voluer, dans le temps, ce qui doit l\u2019\u00eatre&nbsp;: traditions, codes, r\u00e8gles, coutumes, usages&nbsp;; c\u2019est oser affronter ce qui, en nous, doit \u00eatre corrig\u00e9, r\u00e9nov\u00e9 pour que notre relation avec l\u2019ext\u00e9rieur soit l\u2019expression de nos \u00e9quilibre et harmonie int\u00e9rieurs.<\/p>\n\n\n\n<figure class=\"wp-block-image size-full is-resized is-style-rounded\"><img loading=\"lazy\" decoding=\"async\" src=\"https:\/\/www.sensyma.com\/wp-content\/uploads\/2022\/06\/masculin-feminin.jpg\" alt=\"\" class=\"wp-image-2983\" width=\"319\" height=\"225\"\/><\/figure>\n\n\n\n<h2 class=\"wp-block-heading\"><strong>4 -L\u2019Homme et la Femme s\u2019expriment dans l\u2019\u00e9quilibre de leur masculin-f\u00e9minin<\/strong><\/h2>\n\n\n\n<p>Nous naissons de l\u2019union sexuelle d\u2019une femme et d\u2019un homme. Nous portons en nous ces 2 polarit\u00e9s&nbsp;; nous sommes \u00e0 la fois \u00ab&nbsp;masculin ET f\u00e9minin&nbsp;\u00bb.<\/p>\n\n\n\n<p>Nous avons tous en nous, hommes et femmes, une <a>part d\u2019\u00e9nergie f\u00e9minine et une part d\u2019\u00e9nergie masculine. <\/a>Notre histoire, notre rapport aux autres et au monde, nos h\u00e9ritages transg\u00e9n\u00e9rationnels, font que nous exprimons chaque part, dans des proportions diff\u00e9rentes.<\/p>\n\n\n\n<p>Equilibrer en nous, notre masculin-f\u00e9minin c\u2019est \u00eatre dans l\u2019expression la plus juste de notre identit\u00e9&nbsp;; c\u2019est \u00catre au plus pr\u00e8s de notre essence profonde notre Masculin-F\u00e9minin Sacr\u00e9.<\/p>\n\n\n\n<p>Le Masculin sacr\u00e9 ou le F\u00e9minin sacr\u00e9e est en nous, d\u00e8s la naissance, avant tout conditionnement ou impact de notre environnement. La Femme dans son f\u00e9minin sacr\u00e9 et l\u2019Homme, dans son masculin sacr\u00e9, ne sont ni en comp\u00e9tition, ni en conflit de pouvoir.<\/p>\n\n\n\n<p>La Femme ne doit pas chercher pas \u00e0 devenir comme l\u2019homme. L\u2019Homme peut s\u2019autoriser \u00e0 exprimer sa sensibilit\u00e9 sans nuire \u00e0 son image.<\/p>\n\n\n\n<p><a>\u00catre dans <\/a>son F\u00e9minin Sacr\u00e9 c\u2019est reconnaitre, accepter et exploiter ses qualit\u00e9s f\u00e9minines \u2013 c\u2019est \u00eatre dans sa pl\u00e9nitude de Femme, sans pour cela renier sa part masculine.<\/p>\n\n\n\n<p>\u00catre dans son Masculin Sacr\u00e9, <a>c\u2019est reconnaitre, accepter et exploiter ses qualit\u00e9s <\/a>masculines&nbsp;; c\u2019est \u00eatre dans sa pl\u00e9nitude d\u2019Homme, sans pour cela renier sa part f\u00e9minine.<\/p>\n\n\n\n<p>L\u2019Homme qui renie son principe f\u00e9minin ou la Femme qui renie son principe masculin, se renie lui-m\u00eame, ce qui engendre n\u00e9cessairement conflits int\u00e9rieurs, d\u00e9s\u00e9quilibres comportementaux.<\/p>\n\n\n\n<p>Le F\u00e9minin et le Masculin sacr\u00e9s sont deux \u00e9nergies que nous portons en nous, deux \u00e9nergies compl\u00e9mentaires qui nous apportent l\u2019harmonie int\u00e9rieure et l\u2019\u00e9quilibre dans le rapport \u00e0 notre environnement.<\/p>\n\n\n\n<p>Pour trouver l\u2019expression la plus juste et la plus libre&nbsp;de ses parts masculine et f\u00e9minine, l\u2019adulte doit reconnaitre et soigner ses blessures d\u2019Amour (trahison, abandon, rejet, humiliation, injustice). Il doit se donner le temps de gu\u00e9rir son Masculin et-ou son F\u00e9minin bless\u00e9 en \u00e9clairant toutes les injustices subies. Il doit soigner ses blessures pour retrouver le gout, de la joie et du plaisir, port\u00e9 par son Enfant Int\u00e9rieur.<\/p>\n\n\n\n<p>En reconnaissant ses exp\u00e9riences de mal-Amour ou de non-Amour, l\u2019Homme-la Femme se lib\u00e8re d\u2019un relationnel \u00e0 \u00ab l\u2019Autre&nbsp;\u00bb douloureux. Il gagne en confiance et en bienveillance vis-\u00e0-vis de lui-m\u00eame.<\/p>\n\n\n\n<p>Il s\u2019autorise \u00e0 ouvrir son c\u0153ur \u00e0 un Amour qu\u2019il peut donner sans avoir peur&nbsp;; qu\u2019il peut recevoir parce qu\u2019il s\u2019en sait digne. Il accepte de s\u2019ouvrir \u00e0 toutes les facettes de son F\u00e9minin-Masculin de fa\u00e7on, juste, harmonieuse et \u00e9quilibr\u00e9e.<\/p>\n\n\n\n<p>Il apprend \u00e0 S\u2019Aimer, \u00e0 \u00catre Aimer, \u00e0 Aimer l\u2019Autre et ainsi, ancr\u00e9 et align\u00e9, il va \u00e0 la rencontre de mon couple int\u00e9rieur.<\/p>\n\n\n\n<figure class=\"wp-block-image size-full is-resized is-style-rounded\"><img loading=\"lazy\" decoding=\"async\" src=\"https:\/\/www.sensyma.com\/wp-content\/uploads\/2022\/06\/couple-conjugal.jpg\" alt=\"\" class=\"wp-image-2985\" width=\"300\" height=\"225\"\/><\/figure>\n\n\n\n<h2 class=\"wp-block-heading\"><strong>5 &#8211; L\u2019homme et.ou la Femme forment un couple conjugal\u2026\u00e9quilibr\u00e9<\/strong><\/h2>\n\n\n\n<p>Un couple est fait de ressemblances et de diff\u00e9rences, \u00e0 reconnaitre par chacun et \u00e0 mutuellement accepter.<\/p>\n\n\n\n<p>Dans un couple, chaque partenaire d\u00e9finit son r\u00f4le de conjoint par le d\u00e9cryptage de son couple parental.<\/p>\n\n\n\n<p>Chacun va s\u2019appuyer sur ce qui lui a \u00e9t\u00e9 donn\u00e9, \u00e0 voir et \u00e0 entendre, de la relation entre ses parents, en tant qu\u2019Homme et Femme, dans leur communication affective, \u00e9motionnelle, intellectuelle, mat\u00e9rielle et sociale.<\/p>\n\n\n\n<p>Chacun aura \u00e0 \u00e9clairer les places occup\u00e9es et les r\u00f4les jou\u00e9s dans son syst\u00e8me familial d\u2019appartenance afin de se d\u00e9finir et de s\u2019autoriser \u00e0 \u00e9crire son propre r\u00f4le.<\/p>\n\n\n\n<p>\u00catre en couple nous demande, aussi, de conscientiser nos v\u00e9ritables attentes, souvent en lien avec les manques et les frustrations h\u00e9rit\u00e9es de nos Histoires personnelle, parentale et ancestrale. Souvent nous attendons de l\u2019autre qu\u2019il remplace notre p\u00e8re d\u00e9faillant, notre m\u00e8re mal-aimante, voire un membre de la famille d\u00e9funt, exclu ou insoumis. Eclairer nos Histoires familiales, gu\u00e9rir de nos blessures d\u2019enfance, est une \u00e9tape qui aide \u00e0 clarifier notre contrat implicite d\u2019alliance avec l\u2019Autre.<\/p>\n\n\n\n<p>Un couple \u00e9quilibr\u00e9 est un couple o\u00f9 chaque partenaire est arriv\u00e9 \u00e0 ne plus \u00eatre d\u00e9pendant de sa famille originelle. Un couple o\u00f9, parvenu \u00e0 un certain niveau de diff\u00e9renciation et d\u2019individuation, chacun se sent en capacit\u00e9 d\u2019affirmer son \u00ab&nbsp;je \u00bb pour cr\u00e9er un \u00ab&nbsp;nous&nbsp;\u00bb. Ainsi, chaque partenaire conscient de sa Valeur, se reconnait et s\u2019affirme dans sa diff\u00e9rence, sa singularit\u00e9 et son unicit\u00e9.<\/p>\n\n\n\n<p>Nous venons de couples imparfaits, form\u00e9s par le d\u00e9sir de combler les manques des g\u00e9n\u00e9rations pr\u00e9c\u00e9dentes. Ils font de nous des adultes imparfaits qui ont le devoir de s\u2019\u00e9manciper du couple parental, de devenir cr\u00e9atifs dans leur qu\u00eate d\u2019\u00e9panouissent \u00e0 deux.<\/p>\n\n\n\n<p>Nous aspirons \u00e0 une relation de couple harmonieuse et \u00e9quilibr\u00e9e&nbsp;; une relation o\u00f9, dans l\u2019id\u00e9al, chacun se sait \u00ab&nbsp;libre d\u2019\u00catre qui il est&nbsp;\u00bb dans une expression <a>mesur\u00e9e de son \u00ab&nbsp;masculin-f\u00e9minin&nbsp;\u00bb.&nbsp; Aspirons, simplement, \u00e0 tendre vers cet id\u00e9al. <\/a>Former un couple est une co-construction qui s\u2019inscrit dans le temps et dans la qualit\u00e9 de chaque \u00ab&nbsp;moment pr\u00e9sent&nbsp;\u00bb.<\/p>\n\n\n\n<figure class=\"wp-block-image size-full is-resized is-style-rounded\"><img loading=\"lazy\" decoding=\"async\" src=\"https:\/\/www.sensyma.com\/wp-content\/uploads\/2022\/06\/couple-parental.jpg\" alt=\"\" class=\"wp-image-2986\" width=\"300\" height=\"225\"\/><\/figure>\n\n\n\n<h2 class=\"wp-block-heading\"><strong>6 &#8211; Le couple conjugal devient un couple parental<\/strong><\/h2>\n\n\n\n<p>Avant de devenir Parent, nous sommes en couple conjugal. Devenir parent ajoute \u00e0 notre engagement une responsabilit\u00e9 particuli\u00e8re. Devenir Parent demande de d\u00e9crypter nos mod\u00e8les de r\u00e9f\u00e9rence pour mieux conscientiser le mod\u00e8le que nous donnons \u00e0 vivre \u00e0 nos enfants. <a><\/a><\/p>\n\n\n\n<p>Chaque conjoint se d\u00e9finit dans son r\u00f4le de parent selon son v\u00e9cu \u00e0 ses propres parents&nbsp;: sa relation \u00e0 son p\u00e8re, sa relation \u00e0 sa m\u00e8re, la relation entre le p\u00e8re et la m\u00e8re, la relation p\u00e8re-m\u00e8re-enfant.<\/p>\n\n\n\n<p>Comprendre la dynamique parentale permet de comprendre ce qui nous a construit pour accepter nos parents tels qu\u2019ils sont&nbsp;: des parents imparfaits, qui ont fait de leur mieux. Reconnaitre l\u2019histoire de ses parents comme \u00e9tant uniquement la leur, c\u2019est choisir de se fortifier de leurs r\u00e9ussites et de se d\u00e9gager de leurs manques, de leurs faiblesses et de leurs croyances. C\u2019est accepter d\u2019\u00eatre un parent imparfait&nbsp;; c\u2019est s\u2019autoriser \u00e0 \u00eatre le parent que l\u2019on d\u00e9sire \u00eatre.<\/p>\n\n\n\n<p>La famille est un syst\u00e8me dont l\u2019\u00e9quilibre se fondent sur la loyaut\u00e9 de chacun envers le clan et envers chaque membre du clan. Les \u00ab&nbsp;nouveaux&nbsp;\u00bb parents, en diff\u00e9renciant \u00ab&nbsp;lien et relation&nbsp;\u00bb \u00e0 la famille, peuvent s\u2019\u00e9manciper en faisant \u00e9voluer le principe d\u2019appartenance et le devoir de loyaut\u00e9 \u00e0 la famille originelle.<\/p>\n\n\n\n<p>Le r\u00f4le du couple parental peut \u00eatre vu comme un accompagnement de l\u2019enfant vers l\u2019expression la plus \u00ab&nbsp;juste&nbsp;\u00bb de ce qu\u2019il est. C\u2019est \u00e0 l\u2019adulte-parent de lui apporter l\u2019Amour (affection, tendresse, confiance, bienveillance sans complaisance) et la s\u00e9curit\u00e9 (protection, compr\u00e9hension des codes, des r\u00e8gles de fonctionnement et des contraintes de son environnement).<\/p>\n\n\n\n<p><a>C\u2019est \u00e0 l\u2019adulte-parent de l\u2019initier \u00e0 l\u2019exercice du \u00ab&nbsp;libre arbitre&nbsp;\u00bb, de la Libert\u00e9 de choix, de l\u2019Autonomie, de la Responsabilit\u00e9, de l\u2019Engagement&nbsp;; exercice p\u00e9rilleux si l\u2019on ne s\u2019y est pas soi-m\u00eame confront\u00e9.<\/a><\/p>\n\n\n\n<p>L\u2019organisation familiale actuelle diff\u00e8re par une red\u00e9finition des r\u00f4les de p\u00e8re et m\u00e8re, par une transformation de la relation parent-enfant. A chaque parent la difficile t\u00e2che de d\u00e9finir la place qu\u2019il accepte de prendre et le r\u00f4le qu\u2019il accepte de jouer.<\/p>\n\n\n\n<figure class=\"wp-block-image size-full is-resized is-style-rounded\"><img decoding=\"async\" src=\"https:\/\/www.sensyma.com\/wp-content\/uploads\/2022\/06\/couple-interieur-sacre.jpg\" alt=\"\" class=\"wp-image-2987\" width=\"300\" srcset=\"https:\/\/www.sensyma.com\/wp-content\/uploads\/2022\/06\/couple-interieur-sacre.jpg 224w, https:\/\/www.sensyma.com\/wp-content\/uploads\/2022\/06\/couple-interieur-sacre-150x150.jpg 150w\" sizes=\"(max-width: 224px) 100vw, 224px\" \/><\/figure>\n\n\n\n<h2 class=\"wp-block-heading\"><strong>7 &#8211; Du couple conjugal-parental au couple int\u00e9rieur sacr\u00e9<\/strong><\/h2>\n\n\n\n<p>Vivre en couple, construire un couple reste une aventure&nbsp;; qui se nourrit des compr\u00e9hensions tir\u00e9es de nos actions heureuses ou douloureuses. Une aventure qui a du mal \u00e0 s\u2019affranchir des souvenirs h\u00e9rit\u00e9s du couple parental&nbsp;et qui peine \u00e0 se lib\u00e9rer des m\u00e9moires ancestrales. Une aventure qui reste tributaire de nos r\u00e9sistances \u00e0 comprendre pour \u00e9voluer.<\/p>\n\n\n\n<p>Nos parents \u00ab&nbsp;humains&nbsp;\u00bb portent leurs traumatismes, leurs insuffisances et leurs souffrances. L\u2019image que nous avons d\u2019eux influe sur notre conception du couple. Se connecter \u00e0 son \u00ab&nbsp;couple int\u00e9rieur sacr\u00e9&nbsp;\u00bb r\u00e9g\u00e9n\u00e8re l\u2019impact des parents humains.<\/p>\n\n\n\n<p>Le \u00ab&nbsp;couple int\u00e9rieur sacr\u00e9&nbsp;\u00bb est la quintessence divine du couple. Il \u00e9mane la vibration divine du Masculin-F\u00e9minin r\u00e9concili\u00e9, r\u00e9\u00e9quilibr\u00e9. Il est, en nous, pour nous guider et nous rassurer. Chacun de nous poss\u00e8de en lui la quintessence du couple&nbsp;; un id\u00e9al vers lequel tendre, une \u00e9nergie \u00e0 vivre et \u00e0 exprimer.<\/p>\n\n\n\n<p><a>Le couple int\u00e9rieur <\/a>sacr\u00e9 est l\u2019union du masculin-f\u00e9minin sacr\u00e9 de chacune des personnes formant le couple.<\/p>\n\n\n\n<p>La divinit\u00e9 qui est en l\u2019un rencontre la divinit\u00e9 qui est en l\u2019autre. L\u2019\u00catre Divin de chacun des partenaires diffuse sa force d\u2019Amour et son \u00e9nergie masculine-f\u00e9minine.<\/p>\n\n\n\n<p>L\u2019\u00e9nergie du F\u00e9minin-Masculin sacr\u00e9 de l\u2019un rencontre l\u2019\u00e9nergie du F\u00e9minin-Masculin sacr\u00e9 de l\u2019autre.<\/p>\n\n\n\n<p>Le couple int\u00e9rieur sacr\u00e9 est l\u2019union de ces 2 \u00e9nergies, \u00e9quilibr\u00e9es, qui se compl\u00e8tent, se m\u00e9langent et fusionnent.<\/p>\n\n\n\n<p>La Force de l\u2019Amour que l\u2019on se porte, entre en r\u00e9sonnance avec la Force de l\u2019Amour qui existe en l\u2019autre.<\/p>\n\n\n\n<p>Les \u00e2mes se connectent et savent qu\u2019elles ont :<\/p>\n\n\n\n<ul class=\"wp-block-list\"><li>A grandir ensemble, en se respectant&nbsp;;<\/li><li>A se soutenir l\u2019une l\u2019autre dans l\u2019expression libre et juste de leur masculin-f\u00e9minin&nbsp;;<\/li><li>A accepter et \u00e0 respecter, mutuellement, leurs parts respectives d\u2019ombre et de lumi\u00e8re&nbsp;;<\/li><li>A amener l\u2019autre \u00e0 rencontrer ces facettes de lui-m\u00eame qu\u2019il n\u2019ose pas lib\u00e9rer&nbsp;;<\/li><li>A accompagner l\u2019autre vers une meilleure connaissance de lui-m\u00eame&nbsp;;<\/li><\/ul>\n\n\n\n<p>Le couple int\u00e9rieur sacr\u00e9 nous permet de d\u00e9fusionner de nos mod\u00e8les parentaux&nbsp;; de faire \u00e9voluer nos sch\u00e9mas comportementaux de r\u00e9f\u00e9rence&nbsp;; pour cocr\u00e9er un mod\u00e8le ext\u00e9rieur plus \u00ab&nbsp;juste&nbsp;\u00bb, plus adapt\u00e9&nbsp;; un mod\u00e8le unique&nbsp;;&nbsp;; une vision personnelle de l\u2019Homme, de la Femme, du couple.<\/p>\n\n\n\n<figure class=\"wp-block-image size-full is-resized is-style-rounded\"><img loading=\"lazy\" decoding=\"async\" src=\"https:\/\/www.sensyma.com\/wp-content\/uploads\/2022\/06\/parents-interieurs-sacres.jpg\" alt=\"\" class=\"wp-image-2988\" width=\"300\" height=\"225\"\/><\/figure>\n\n\n\n<h2 class=\"wp-block-heading\"><strong>8 &#8211; Des parents biologiques humains aux parents int\u00e9rieurs sacr\u00e9s<\/strong><\/h2>\n\n\n\n<p>Nos parents biologiques-humains sont porteurs de souffrances, de col\u00e8res, de traumas. Aupr\u00e8s d\u2019eux, nous, leurs enfants, exp\u00e9rimentons la vie en h\u00e9ritant de leurs conditionnements et de leurs croyances. Nos parents biologiques-humains influencent, par leur image, les informations qui construisent notre d\u00e9finition du \u00ab&nbsp;couple conjugal puis parental&nbsp;\u00bb.<\/p>\n\n\n\n<p>Nos parents biologiques-humains apportent le cadre et les fondements n\u00e9cessaire \u00e0 l\u2019exp\u00e9rience humaine que nous sommes venus vivre dans cette incarnation.<\/p>\n\n\n\n<p>Nos parents int\u00e9rieurs sacr\u00e9s ne portent rien de tout cela&nbsp;; ils incarnent l\u2019essence de la parentalit\u00e9. Ils sont l\u00e0, en AMOUR, pour nous prot\u00e9ger, nous soutenir, nous guider, pour nous pousser \u00e0 \u00e9crire notre propre histoire.<\/p>\n\n\n\n<p>Le P\u00e8re int\u00e9rieur (P\u00e8re divin) et la M\u00e8re int\u00e9rieure (M\u00e8re divine) compl\u00e8tent les insuffisances et rectifient les limites (histoire, \u00e9motions, traumas) de nos P\u00e8re et M\u00e8re humains.<\/p>\n\n\n\n<p>Elle, la M\u00e8re int\u00e9rieure, est&nbsp;L\u2019Amour et l\u2019Energie F\u00e9minine de \u00ab&nbsp;la source&nbsp;\u00bb. Elle \u00e9mane la tendresse, la compr\u00e9hension, la protection, l\u2019Amour inconditionnel. Elle est la M\u00e8re Id\u00e9ale, l\u2019essence de la Maternit\u00e9.<\/p>\n\n\n\n<p>Lui, le P\u00e8re int\u00e9rieur, est&nbsp;L\u2019Amour et l\u2019Energie Masculine de \u00ab&nbsp;la source&nbsp;\u00bb. Il inspire la force, la s\u00e9curit\u00e9, l\u2019action, la cr\u00e9ativit\u00e9. Il est le P\u00e8re Id\u00e9al, l\u2019essence de la Paternit\u00e9.<\/p>\n\n\n\n<p>Ils sont l\u2019union du <a>Masculin Sacr\u00e9 et F\u00e9minin Sacr\u00e9<\/a>. Ils sont 2 Masculin-F\u00e9minin qui s\u2019\u00e9quilibrent pour que chaque conjoint s\u2019\u00e9panouisse dans l\u2019Amour de Soi et l\u2019Amour de l\u2019Autre&nbsp;; dans le respect de Soi et le respect de l\u2019Autre. Leur compl\u00e9tude \u00e9nerg\u00e9tique nous habite pour nous recharger, nous fortifier, nous faire nous sentir rempli (e), s\u00e9curis\u00e9(e).<\/p>\n\n\n\n<p><a>Le P\u00e8re Int\u00e9rieur apporte<\/a><\/p>\n\n\n\n<ul class=\"wp-block-list\"><li>L\u2019\u00e9lan, la puissance et la force n\u00e9cessaire \u00e0 l\u2019action,<\/li><li>L\u2019Assurance et la confiance pour que tu oses exp\u00e9rimenter et agir,<\/li><li>L\u2019autorit\u00e9 et le sens de la justice,<\/li><li>La protection pour que s\u2019exprime ton enfant int\u00e9rieur,<\/li><li>L\u2019enthousiasme pour que ton c\u0153ur d\u2019enfant te montre comment jouer avec la vie,<\/li><\/ul>\n\n\n\n<p><a>Le P\u00e8re Int\u00e9rieur, essence de la parentalit\u00e9, est pr\u00e9sent en chacun de nous.<\/a><\/p>\n\n\n\n<p>La M\u00e8re Int\u00e9rieure apporte<\/p>\n\n\n\n<ul class=\"wp-block-list\"><li>La rassurance et le sens de l\u2019accueil,<\/li><li>L\u2019intuition et l\u2019inspiration,<\/li><li>La sensibilit\u00e9 et la douceur,<\/li><li>L\u2019\u00e9coute sans jugement et la compassion,<\/li><li>Elle dit les mots justes, pour apaiser tes doutes, dissoudre tes peurs&nbsp;et t\u2019aider \u00e0 voir la r\u00e9alit\u00e9,<\/li><\/ul>\n\n\n\n<p>La M\u00e8re Int\u00e9rieure, essence de la parentalit\u00e9, est pr\u00e9sente en chacun de nous.<\/p>\n\n\n\n<p>Tes parents int\u00e9rieurs t\u2019invitent \u00e0 te tourner vers la Vie avec Confiance. Ils sont pr\u00e9sents en toi, ils sont Toi. Ils sont aussi guide et protecteur de ton Enfant Int\u00e9rieur. Ils sont l\u00e0 pour t\u2019accompagner dans l\u2019exp\u00e9rience et la Nuance de ce que tu es venu chercher, manifester et transmuter dans cette incarnation.<\/p>\n\n\n\n<p>Nous pouvons ressentir et nous connecter \u00e0 l\u2019\u00e9nergie de notre \u00ab&nbsp;Enfant Int\u00e9rieur&nbsp;\u00bb, de notre \u00ab&nbsp;Masculin-F\u00e9minin Sacr\u00e9&nbsp;\u00bb, de notre \u00ab&nbsp;Couple Int\u00e9rieur Sacr\u00e9&nbsp;\u00bb et de nos \u00ab&nbsp;Parents Int\u00e9rieurs Sacr\u00e9s&nbsp;\u00bb. Ces \u00e9nergies sont en nous, pour nous aider <strong>\u00e0 poursuivre notre route, \u00e0 \u00e9crire notre propre Histoire<\/strong> <strong><\/strong><\/p>\n","protected":false},"excerpt":{"rendered":"<p>1 &#8211; L\u2019enfant, gar\u00e7on ou fille, se construit dans le moule parental L\u2019enfant nait, dot\u00e9 d\u2019un organe sexuel qui le [&hellip;]<\/p>\n","protected":false},"author":3,"featured_media":2975,"comment_status":"open","ping_status":"open","sticky":true,"template":"","format":"standard","meta":{"site-sidebar-layout":"default","site-content-layout":"","ast-site-content-layout":"default","site-content-style":"default","site-sidebar-style":"default","ast-global-header-display":"","ast-banner-title-visibility":"","ast-main-header-display":"","ast-hfb-above-header-display":"","ast-hfb-below-header-display":"","ast-hfb-mobile-header-display":"","site-post-title":"","ast-breadcrumbs-content":"","ast-featured-img":"","footer-sml-layout":"","ast-disable-related-posts":"","theme-transparent-header-meta":"","adv-header-id-meta":"","stick-header-meta":"","header-above-stick-meta":"","header-main-stick-meta":"","header-below-stick-meta":"","astra-migrate-meta-layouts":"default","ast-page-background-enabled":"default","ast-page-background-meta":{"desktop":{"background-color":"var(--ast-global-color-5)","background-image":"","background-repeat":"repeat","background-position":"center center","background-size":"auto","background-attachment":"scroll","background-type":"","background-media":"","overlay-type":"","overlay-color":"","overlay-opacity":"","overlay-gradient":""},"tablet":{"background-color":"","background-image":"","background-repeat":"repeat","background-position":"center center","background-size":"auto","background-attachment":"scroll","background-type":"","background-media":"","overlay-type":"","overlay-color":"","overlay-opacity":"","overlay-gradient":""},"mobile":{"background-color":"","background-image":"","background-repeat":"repeat","background-position":"center center","background-size":"auto","background-attachment":"scroll","background-type":"","background-media":"","overlay-type":"","overlay-color":"","overlay-opacity":"","overlay-gradient":""}},"ast-content-background-meta":{"desktop":{"background-color":"var(--ast-global-color-4)","background-image":"","background-repeat":"repeat","background-position":"center center","background-size":"auto","background-attachment":"scroll","background-type":"","background-media":"","overlay-type":"","overlay-color":"","overlay-opacity":"","overlay-gradient":""},"tablet":{"background-color":"var(--ast-global-color-4)","background-image":"","background-repeat":"repeat","background-position":"center center","background-size":"auto","background-attachment":"scroll","background-type":"","background-media":"","overlay-type":"","overlay-color":"","overlay-opacity":"","overlay-gradient":""},"mobile":{"background-color":"var(--ast-global-color-4)","background-image":"","background-repeat":"repeat","background-position":"center center","background-size":"auto","background-attachment":"scroll","background-type":"","background-media":"","overlay-type":"","overlay-color":"","overlay-opacity":"","overlay-gradient":""}},"footnotes":""},"categories":[15,14,7],"tags":[31,22,33,39],"class_list":["post-2974","post","type-post","status-publish","format-standard","has-post-thumbnail","hentry","category-developpement-personnel","category-psychogenealogie-et-transgenerationnel","category-publications","tag-couple","tag-famille","tag-identite","tag-memoires"],"_links":{"self":[{"href":"https:\/\/www.sensyma.com\/index.php?rest_route=\/wp\/v2\/posts\/2974","targetHints":{"allow":["GET"]}}],"collection":[{"href":"https:\/\/www.sensyma.com\/index.php?rest_route=\/wp\/v2\/posts"}],"about":[{"href":"https:\/\/www.sensyma.com\/index.php?rest_route=\/wp\/v2\/types\/post"}],"author":[{"embeddable":true,"href":"https:\/\/www.sensyma.com\/index.php?rest_route=\/wp\/v2\/users\/3"}],"replies":[{"embeddable":true,"href":"https:\/\/www.sensyma.com\/index.php?rest_route=%2Fwp%2Fv2%2Fcomments&post=2974"}],"version-history":[{"count":6,"href":"https:\/\/www.sensyma.com\/index.php?rest_route=\/wp\/v2\/posts\/2974\/revisions"}],"predecessor-version":[{"id":2990,"href":"https:\/\/www.sensyma.com\/index.php?rest_route=\/wp\/v2\/posts\/2974\/revisions\/2990"}],"wp:featuredmedia":[{"embeddable":true,"href":"https:\/\/www.sensyma.com\/index.php?rest_route=\/wp\/v2\/media\/2975"}],"wp:attachment":[{"href":"https:\/\/www.sensyma.com\/index.php?rest_route=%2Fwp%2Fv2%2Fmedia&parent=2974"}],"wp:term":[{"taxonomy":"category","embeddable":true,"href":"https:\/\/www.sensyma.com\/index.php?rest_route=%2Fwp%2Fv2%2Fcategories&post=2974"},{"taxonomy":"post_tag","embeddable":true,"href":"https:\/\/www.sensyma.com\/index.php?rest_route=%2Fwp%2Fv2%2Ftags&post=2974"}],"curies":[{"name":"wp","href":"https:\/\/api.w.org\/{rel}","templated":true}]}}