{"id":2683,"date":"2020-10-25T16:59:00","date_gmt":"2020-10-25T15:59:00","guid":{"rendered":"https:\/\/sensyma.com\/?p=2683"},"modified":"2020-10-25T16:59:02","modified_gmt":"2020-10-25T15:59:02","slug":"la-maladie-memoire-de-nos-blessures","status":"publish","type":"post","link":"https:\/\/www.sensyma.com\/?p=2683","title":{"rendered":"La maladie, m\u00e9moire de nos blessures"},"content":{"rendered":"<p>[et_pb_section fb_built=\u00a0\u00bb1&Prime; _builder_version=\u00a0\u00bb3.19&Prime;][et_pb_row _builder_version=\u00a0\u00bb3.19&Prime;][et_pb_column type=\u00a0\u00bb4_4&Prime; _builder_version=\u00a0\u00bb3.19&Prime; parallax=\u00a0\u00bboff\u00a0\u00bb parallax_method=\u00a0\u00bbon\u00a0\u00bb][et_pb_image src=\u00a0\u00bbhttps:\/\/www.sensyma.com\/wp-content\/uploads\/2020\/10\/anatomy-4033242_1920.jpg\u00a0\u00bb align=\u00a0\u00bbcenter\u00a0\u00bb _builder_version=\u00a0\u00bb3.19&Prime; max_width=\u00a0\u00bb60%\u00a0\u00bb module_alignment=\u00a0\u00bbcenter\u00a0\u00bb][\/et_pb_image][\/et_pb_column][\/et_pb_row][et_pb_row _builder_version=\u00a0\u00bb3.19&Prime;][et_pb_column type=\u00a0\u00bb4_4&Prime; _builder_version=\u00a0\u00bb3.19&Prime; parallax=\u00a0\u00bboff\u00a0\u00bb parallax_method=\u00a0\u00bbon\u00a0\u00bb][et_pb_text _builder_version=\u00a0\u00bb3.19&Prime;]<\/p>\n<h2 style=\"text-align: left;\"><strong>Pourquoi&nbsp;d\u00e9coder la maladie&nbsp;? <\/strong><\/h2>\n<p style=\"text-align: justify;\">Pour mettre en lien les messages, entre le c\u0153ur, le corps et l\u2019esprit; Pour \u00e9claircir ce qui lient nos d\u00e9sordres \u00e9motionnels, nos dysfonctionnements physiques et nos conflits internes.<\/p>\n<p style=\"text-align: justify;\">Nous sommes confront\u00e9s, d\u00e8s notre plus tendre enfance, \u00e0 des situations que nous vivons de fa\u00e7on heureuse ou malheureuse. Les situations \u00e0 l\u2019issue \u00ab&nbsp;mal-heureuse&nbsp;\u00bb&nbsp; g\u00e9n\u00e8rent de la souffrance. Cette souffrance se traduit en \u00e9motions, en sentiments, en comportements r\u00e9actifs et en images souvenirs. Cette souffrance donne naissance \u00e0 une blessure. Cette souffrance s\u2019inscrit en nous sous forme de \u00ab&nbsp;m\u00e9moire&nbsp;\u00bb. Que son expression passe par les maux du c\u0153ur, les maux du corps et (ou) de l\u2019esprit, cette souffrance reste \u00ab&nbsp;m\u00e9moire d\u2019une blessure&nbsp;\u00bb.<\/p>\n<p style=\"text-align: justify;\">Chaque situation, rev\u00e9cue \u00e0 l\u2019identique, avive la m\u00e9moire, r\u00e9veille les \u00e9motions, amplifie la souffrance, nourrit une blessure qui peut devenir traumatisme.<\/p>\n<p style=\"text-align: justify;\">Les m\u00e9moires douloureuses, tr\u00e8s souvent refoul\u00e9es, utilisent notre corps pour se faire entendre, se faire soigner, se faire r\u00e9parer. Elles aspirent \u00e0 la gu\u00e9rison.&nbsp; Souvent, nous faisons la sourde-oreille, ne laissant d\u2019autre choix, \u00e0 notre corps, que de passer des maux \u00e0 la maladie\u2026 chronique.<\/p>\n<p style=\"text-align: justify;\">Lorsque nous sommes malades, nous avons mal. Notre corps nous le rappelle, la douleur nous le rappelle. Entrons en contact avec notre maladie.<\/p>\n<h2 style=\"text-align: left;\"><strong>Laissons la maladie se raconter<\/strong><\/h2>\n<p style=\"text-align: justify;\">La maladie peut nous parler. Laissons-la se raconter. Laissons-la d\u00e9cortiquer les sympt\u00f4mes, d\u00e9composer les manifestations, d\u00e9coder les sensations.<\/p>\n<p style=\"text-align: justify;\">D\u00e9crypter la maladie nous conduira \u00e0 explorer notre vie personnelle pour laisser remonter \u00e0 notre conscience, les images, les mots, les m\u00e9moires de situations ou d\u2019\u00e9v\u00e9nements. Des \u00e9v\u00e9nements que nous avons v\u00e9cus et interpr\u00e9t\u00e9s de fa\u00e7on douloureuse ou traumatisante.&nbsp; Des situations, aux cons\u00e9quences affectives, int\u00e9rioris\u00e9es, consciemment ou inconsciemment, de fa\u00e7on totalement personnelle.<\/p>\n<p style=\"text-align: justify;\">Des \u00e9v\u00e9nements et des situations qui se sont r\u00e9p\u00e9t\u00e9s, cr\u00e9ant en nous des d\u00e9s\u00e9quilibres physiques et \u00e9motionnels. Un stress psychologique, qui transpos\u00e9 par notre cerveau en stress biologique, est devenu \u00ab&nbsp;maladie&nbsp;\u00bb.<\/p>\n<h2 style=\"text-align: left;\"><strong>La maladie nous parle de NOUS<\/strong><\/h2>\n<p style=\"text-align: justify;\">Laissons la maladie NOUS d\u00e9crire, NOUS, dans notre rapport \u00e0 la vie.&nbsp; Accueillons ce qui veut bien se pr\u00e9senter \u00e0 notre conscience de situations pass\u00e9es. Laissons-la nous restituer comment chacune des intentions, contenues dans notre r\u00e9ponse aux situations mouvement\u00e9es de la vie a trouv\u00e9 sa traduction, sa manifestation, dans tout ou partie de notre corps.<\/p>\n<p style=\"text-align: justify;\">Explorer notre vie personnelle nous permet d\u2019\u00e9tablir le lien entre les mal-\u00eatre, les mal-aises, les maladies (mal \u00e0 dire) que nous d\u00e9veloppons et nos ressentis, nos croyances, nos pens\u00e9es.<\/p>\n<p style=\"text-align: justify;\">Nos maladies sont souvent l\u2019expression de nos \u00e9motions contrari\u00e9es, en r\u00e9bellion&nbsp;; de nos aspirations \u00e9touff\u00e9es, pr\u00eates \u00e0 exploser&nbsp;; de nos blessures mal soign\u00e9es, aujourd\u2019hui gangr\u00e9n\u00e9es. L\u2019expression d\u2019une souffrance, souvent, install\u00e9e depuis l\u2019enfance&nbsp;; parfois transmise de g\u00e9n\u00e9rations en g\u00e9n\u00e9rations.<\/p>\n<p style=\"text-align: justify;\">Imaginons la maladie hors de notre corps. Assise pr\u00e8s de nous. Ecoutons ce qu\u2019elle a \u00e0 nous dire\u2026<\/p>\n<h2 style=\"text-align: left;\"><strong>&nbsp;Je m\u2019appelle arthrite \u2013 arthrose.<\/strong><\/h2>\n<p style=\"text-align: justify;\">Je me suis d\u00e9velopp\u00e9e dans tes articulations. Dire \u00ab&nbsp;articulation&nbsp;\u00bb c\u2019est penser mobilit\u00e9, flexibilit\u00e9, souplesse, adaptabilit\u00e9, fluidit\u00e9, facilit\u00e9. Ces caract\u00e9ristiques, physiques et mentales, sont inscrites dans ton patrimoine g\u00e9n\u00e9tique de naissance. Ton corps les utilise, ton mental les mobilise, afin que ta r\u00e9ponse, aux situations mouvement\u00e9es de la vie, soit la plus juste possible.<\/p>\n<p style=\"text-align: justify;\">Alors pourquoi suis-je l\u00e0&nbsp;? Moi La Maladie. Pourquoi m\u2019as-tu nourri, me laissant envahir tes articulations ? Pourquoi ce refuge dans la raideur, la rigidit\u00e9&nbsp;? Car tu as limit\u00e9, emp\u00each\u00e9, le fonctionnement naturel de tes articulations. Elles \u00e9taient l\u00e0 pour que s\u2019exprime ta v\u00e9ritable nature&nbsp;: la souplesse de ton corps et de ton mental.<\/p>\n<p style=\"text-align: justify;\">Je sais que tu as tr\u00e8s pr\u00e9sents \u00e0 l\u2019esprit ces moments douloureux o\u00f9 l\u2019on t\u2019a fait du mal\u2026 physiquement, moralement. Ces moments qui se sont r\u00e9p\u00e9t\u00e9s, encore et encore\u2026.enfant, adolescent, jeune adulte,\u2026. au fil des ann\u00e9es, tu as eu de plus en plus mal&nbsp;; sans savoir comment te d\u00e9fendre.<\/p>\n<p style=\"text-align: justify;\">Tu sentais en toi une \u00ab&nbsp;force int\u00e9rieure&nbsp;\u00bb que ton c\u0153ur n\u2019arrivait pas \u00e0 lib\u00e9rer. Alors pour t\u2019aider \u00e0&nbsp; juguler ta peur et assouvir ton besoin de protection, voil\u00e0 ce que ton esprit a chuchot\u00e9 \u00e0 ton corps&nbsp;:<\/p>\n<ul style=\"text-align: justify;\">\n<li>Je me sens impuissant. Je dois \u00eatre Fort,<strong> ne pas plier, ne pas c\u00e9der, ne pas fl\u00e9chir, ne pas abdiquer,<\/strong><\/li>\n<li>quand je me sens attaqu\u00e9, je m\u2019accroche \u00e0 mes principes au point de <strong>durcir<\/strong> mes pens\u00e9es, de <strong>raidir<\/strong> mes structures mentales, de <strong>rigidifier<\/strong> mes attitudes et mes comportements,<\/li>\n<li>Pour ne pas affronter les sentiments de honte, de culpabilit\u00e9 et d\u2019impuissance, <strong>je m\u2019interdis de parler de ma souffrance et je m\u2019enflamme<\/strong><\/li>\n<li>Je me sens non-aim\u00e9, mal-aim\u00e9, non appr\u00e9ci\u00e9 \u00e0 ma juste valeur. Je me dois d\u2019\u00eatre exigent envers moi-m\u00eame et <strong>Je m\u2019interdis la souplesse<\/strong>,<\/li>\n<li>Mes articulations me \u00ab&nbsp;l\u00e2chent&nbsp;\u00bb&nbsp;; Je ne dois pas tomber. J<strong>e m\u2019interdits de demander<\/strong> <strong>de l\u2019aide<\/strong>. Je dois me raidir pour garder <strong>le contr\u00f4le<\/strong> de mon corps<strong> ou la ma\u00eetrise<\/strong> de ma vie.<\/li>\n<\/ul>\n<p style=\"text-align: justify;\">L\u2019ankylose s\u2019est install\u00e9e dans tes articulations au fil des ann\u00e9es. Chaque articulation, aujourd\u2019hui inop\u00e9rante, doit t\u2019interroger sur ta fa\u00e7on de te prot\u00e9ger, de t\u2019aimer.<\/p>\n<p style=\"text-align: justify;\">Moi, la maladie, j\u2019ai d\u00fb me montrer de plus en plus p\u00e9nible, douloureuse, voire invalidante. Toujours plus de souffrances pour que tu comprennes, pour t\u2019obliger \u00e0 t\u2019arr\u00eater.<\/p>\n<p style=\"text-align: justify;\">Arr\u00eater de faire souffrir tes articulations qui, par Amour, ont jou\u00e9 contre-nature, tes conflits internes et tes d\u00e9sordres \u00e9motionnels. Tes articulations loyales, aimantes qui aujourd\u2019hui sont anatomiquement us\u00e9es. Tes articulations qui r\u00e9clament ton attention, ta consid\u00e9ration, tes soins, ton Amour.<\/p>\n<p style=\"text-align: justify;\">Arr\u00eater pour entendre la voix de ton c\u0153ur&nbsp;; celle qui va dissoudre la peur, celle qui va t\u2019aider \u00e0 affronter tes m\u00e9moires, \u00e0 te lib\u00e9rer de tes croyances&nbsp;erron\u00e9es.<\/p>\n<h2 style=\"text-align: left;\"><strong>&nbsp;Gu\u00e9rir c\u2019est regagner l\u2019\u00e9quilibre<\/strong><strong>&nbsp;<\/strong><\/h2>\n<p style=\"text-align: justify;\">Nous avons tous, dans nos parcours de vie, des compr\u00e9hensions \u00e0 avoir, des enseignements \u00e0 conscientiser pour mieux nous conna\u00eetre.<\/p>\n<p style=\"text-align: justify;\">La maladie est \u00e0 la fois un choix, une solution et un refuge. La maladie est un mode d\u2019expression que nous devons apprendre \u00e0 d\u00e9crypter parce qu\u2019il nous renvoie \u00e0 notre conception de la vie et \u00e0 notre fa\u00e7on de la vivre. La maladie est la manifestation d\u2019un d\u00e9s\u00e9quilibre au niveau physique&nbsp;; lequel d\u00e9s\u00e9quilibre est toujours en rapport avec un d\u00e9s\u00e9quilibre au niveau \u00e9motionnel et mental.<\/p>\n<p style=\"text-align: justify;\">Gu\u00e9rir c\u2019est regagner l\u2019\u00e9quilibre&nbsp;:<\/p>\n<ul style=\"text-align: justify;\">\n<li>c\u2019est apporter \u00e0 notre corps tous les soins m\u00e9dicaux n\u00e9cessaires \u00e0 sa gu\u00e9rison,<\/li>\n<li>c\u2019est gu\u00e9rir de nos \u00ab&nbsp;blessures int\u00e9rieures&nbsp;\u00bb en nous lib\u00e9rant des pens\u00e9es, des sentiments et des \u00e9motions qui sont en rapport avec des sympt\u00f4mes physiques,<\/li>\n<li>c\u2019est lib\u00e9rer notre mental des croyances erron\u00e9es et des sch\u00e9mas comportementaux inappropri\u00e9s,<\/li>\n<li>c\u2019est couper les liens transg\u00e9n\u00e9rationnels et karmiques qui n\u2019ont plus lieu d\u2019\u00eatre.<\/li>\n<\/ul>\n<p style=\"text-align: justify;\">Nous devons d\u00e9chiffrer par nous-m\u00eame ce que nous vivons en nous faisant aider par d\u2019autres. M\u00e9decin, g\u00e9n\u00e9raliste ou sp\u00e9cialiste, acupuncteur, psychoth\u00e9rapeute, ost\u00e9opathe, \u00e9tiopathe, bio-\u00e9nerg\u00e9ticien, naturopathe, hom\u00e9opathe, chiropracteur,&nbsp;\u2026. Chacun dans son domaine de comp\u00e9tences, par ses connaissances peut nous ouvrir \u00e0 de nouvelles cl\u00e9s de compr\u00e9hension dans notre rapport \u00e0 la Vie. Bien s\u00fbr, ouverture d\u2019esprit n\u2019est pas cr\u00e9dulit\u00e9&nbsp;!<\/p>\n<p style=\"text-align: justify;\">Nous devons rester attentifs \u00e0 ce qui nous est dit, \u00e0 ce qui nous est propos\u00e9. Nous sommes libres et RESPONSABLES de nos choix. Nous poss\u00e9dons <strong>le libre-choix de d\u00e9cider de ce qui est le meilleur pour nous&nbsp;; <\/strong>dans le respect de ce que nous sommes&nbsp;; &nbsp;\u00e0 l\u2019\u00e9coute de notre \u00e2me et de notre corps.<\/p>\n<p style=\"text-align: justify;\"><strong>Comprendre le \u00ab&nbsp;pourquoi&nbsp;\u00bb de la maladie permet de modifier le regard que nous portons sur la vie&nbsp;: la conception que nous en avons, la fa\u00e7on dont nous la vivons.<\/strong><\/p>\n<p style=\"text-align: justify;\"><strong>Comprendre le \u00ab&nbsp;comment&nbsp;\u00bb de la maladie nous apprend \u00e0 nous aimer avec bienveillance et \u00e0 puiser en nous, dans l\u2019ici et maintenant, les r\u00e9ponses pertinentes, adapt\u00e9es \u00e0 notre environnement et \u00e0 nos choix de vie.<\/strong><\/p>\n<p>&nbsp;<\/p>\n<p style=\"text-align: left;\">Line LICAN<\/p>\n<p style=\"text-align: left;\">Psychologue \u2013 Psycho G\u00e9n\u00e9alogiste<\/p>\n<p style=\"text-align: left;\">Constellatrice Familiale Syst\u00e9mique<\/p>\n<p style=\"text-align: left;\">\n<p>&nbsp;<\/p>\n<p>[\/et_pb_text][\/et_pb_column][\/et_pb_row][et_pb_row custom_padding=\u00a0\u00bb0|0px|0|0px|false|false\u00a0\u00bb _builder_version=\u00a0\u00bb3.19&Prime;][et_pb_column type=\u00a0\u00bb4_4&Prime; _builder_version=\u00a0\u00bb3.19&Prime; parallax=\u00a0\u00bboff\u00a0\u00bb parallax_method=\u00a0\u00bbon\u00a0\u00bb][et_pb_text _builder_version=\u00a0\u00bb3.19&Prime; text_font=\u00a0\u00bb||||||||\u00a0\u00bb text_text_color=\u00a0\u00bb#000000&Prime; header_font=\u00a0\u00bb||||||||\u00a0\u00bb header_text_color=\u00a0\u00bb#ffffff\u00a0\u00bb]<\/p>\n<p style=\"text-align: center;\"><b>Pour tout savoir de notre actualit\u00e9<\/b><\/p>\n<p>[\/et_pb_text][et_pb_button button_url=\u00a0\u00bbhttps:\/\/www.sensyma.com\/?page_id=2463&Prime; button_text=\u00a0\u00bbAbonnez-vous !\u00a0\u00bb button_alignment=\u00a0\u00bbcenter\u00a0\u00bb _builder_version=\u00a0\u00bb3.19&Prime; box_shadow_style=\u00a0\u00bbpreset6&Prime; box_shadow_color=\u00a0\u00bb#8300e9&Prime;][\/et_pb_button][\/et_pb_column][\/et_pb_row][\/et_pb_section]<\/p>\n","protected":false},"excerpt":{"rendered":"<p>[et_pb_section fb_built=\u00a0\u00bb1&Prime; _builder_version=\u00a0\u00bb3.19&Prime;][et_pb_row _builder_version=\u00a0\u00bb3.19&Prime;][et_pb_column type=\u00a0\u00bb4_4&Prime; _builder_version=\u00a0\u00bb3.19&Prime; parallax=\u00a0\u00bboff\u00a0\u00bb parallax_method=\u00a0\u00bbon\u00a0\u00bb][et_pb_image src=\u00a0\u00bbhttps:\/\/www.sensyma.com\/wp-content\/uploads\/2020\/10\/anatomy-4033242_1920.jpg\u00a0\u00bb align=\u00a0\u00bbcenter\u00a0\u00bb _builder_version=\u00a0\u00bb3.19&Prime; max_width=\u00a0\u00bb60%\u00a0\u00bb module_alignment=\u00a0\u00bbcenter\u00a0\u00bb][\/et_pb_image][\/et_pb_column][\/et_pb_row][et_pb_row _builder_version=\u00a0\u00bb3.19&Prime;][et_pb_column type=\u00a0\u00bb4_4&Prime; _builder_version=\u00a0\u00bb3.19&Prime; parallax=\u00a0\u00bboff\u00a0\u00bb parallax_method=\u00a0\u00bbon\u00a0\u00bb][et_pb_text _builder_version=\u00a0\u00bb3.19&Prime;] Pourquoi&nbsp;d\u00e9coder [&hellip;]<\/p>\n","protected":false},"author":3,"featured_media":2685,"comment_status":"open","ping_status":"open","sticky":false,"template":"","format":"standard","meta":{"site-sidebar-layout":"default","site-content-layout":"","ast-site-content-layout":"default","site-content-style":"default","site-sidebar-style":"default","ast-global-header-display":"","ast-banner-title-visibility":"","ast-main-header-display":"","ast-hfb-above-header-display":"","ast-hfb-below-header-display":"","ast-hfb-mobile-header-display":"","site-post-title":"","ast-breadcrumbs-content":"","ast-featured-img":"","footer-sml-layout":"","ast-disable-related-posts":"","theme-transparent-header-meta":"","adv-header-id-meta":"","stick-header-meta":"","header-above-stick-meta":"","header-main-stick-meta":"","header-below-stick-meta":"","astra-migrate-meta-layouts":"default","ast-page-background-enabled":"default","ast-page-background-meta":{"desktop":{"background-color":"var(--ast-global-color-5)","background-image":"","background-repeat":"repeat","background-position":"center center","background-size":"auto","background-attachment":"scroll","background-type":"","background-media":"","overlay-type":"","overlay-color":"","overlay-opacity":"","overlay-gradient":""},"tablet":{"background-color":"","background-image":"","background-repeat":"repeat","background-position":"center center","background-size":"auto","background-attachment":"scroll","background-type":"","background-media":"","overlay-type":"","overlay-color":"","overlay-opacity":"","overlay-gradient":""},"mobile":{"background-color":"","background-image":"","background-repeat":"repeat","background-position":"center center","background-size":"auto","background-attachment":"scroll","background-type":"","background-media":"","overlay-type":"","overlay-color":"","overlay-opacity":"","overlay-gradient":""}},"ast-content-background-meta":{"desktop":{"background-color":"var(--ast-global-color-4)","background-image":"","background-repeat":"repeat","background-position":"center center","background-size":"auto","background-attachment":"scroll","background-type":"","background-media":"","overlay-type":"","overlay-color":"","overlay-opacity":"","overlay-gradient":""},"tablet":{"background-color":"var(--ast-global-color-4)","background-image":"","background-repeat":"repeat","background-position":"center center","background-size":"auto","background-attachment":"scroll","background-type":"","background-media":"","overlay-type":"","overlay-color":"","overlay-opacity":"","overlay-gradient":""},"mobile":{"background-color":"var(--ast-global-color-4)","background-image":"","background-repeat":"repeat","background-position":"center center","background-size":"auto","background-attachment":"scroll","background-type":"","background-media":"","overlay-type":"","overlay-color":"","overlay-opacity":"","overlay-gradient":""}},"footnotes":""},"categories":[14,7],"tags":[22,58,57,39,40],"class_list":["post-2683","post","type-post","status-publish","format-standard","has-post-thumbnail","hentry","category-psychogenealogie-et-transgenerationnel","category-publications","tag-famille","tag-guerison","tag-maladie","tag-memoires","tag-transgenerationnel"],"_links":{"self":[{"href":"https:\/\/www.sensyma.com\/index.php?rest_route=\/wp\/v2\/posts\/2683","targetHints":{"allow":["GET"]}}],"collection":[{"href":"https:\/\/www.sensyma.com\/index.php?rest_route=\/wp\/v2\/posts"}],"about":[{"href":"https:\/\/www.sensyma.com\/index.php?rest_route=\/wp\/v2\/types\/post"}],"author":[{"embeddable":true,"href":"https:\/\/www.sensyma.com\/index.php?rest_route=\/wp\/v2\/users\/3"}],"replies":[{"embeddable":true,"href":"https:\/\/www.sensyma.com\/index.php?rest_route=%2Fwp%2Fv2%2Fcomments&post=2683"}],"version-history":[{"count":6,"href":"https:\/\/www.sensyma.com\/index.php?rest_route=\/wp\/v2\/posts\/2683\/revisions"}],"predecessor-version":[{"id":2692,"href":"https:\/\/www.sensyma.com\/index.php?rest_route=\/wp\/v2\/posts\/2683\/revisions\/2692"}],"wp:featuredmedia":[{"embeddable":true,"href":"https:\/\/www.sensyma.com\/index.php?rest_route=\/wp\/v2\/media\/2685"}],"wp:attachment":[{"href":"https:\/\/www.sensyma.com\/index.php?rest_route=%2Fwp%2Fv2%2Fmedia&parent=2683"}],"wp:term":[{"taxonomy":"category","embeddable":true,"href":"https:\/\/www.sensyma.com\/index.php?rest_route=%2Fwp%2Fv2%2Fcategories&post=2683"},{"taxonomy":"post_tag","embeddable":true,"href":"https:\/\/www.sensyma.com\/index.php?rest_route=%2Fwp%2Fv2%2Ftags&post=2683"}],"curies":[{"name":"wp","href":"https:\/\/api.w.org\/{rel}","templated":true}]}}